{"id":4083,"date":"2025-09-18T14:12:45","date_gmt":"2025-09-18T13:12:45","guid":{"rendered":"https:\/\/www.ra-grotha.de\/wordpress\/?p=4083"},"modified":"2025-09-18T14:12:46","modified_gmt":"2025-09-18T13:12:46","slug":"schicksalhafter-unfall-bei-wetten-dass-das-verfahren-samuel-koch-vor-dem-bundessozialgericht","status":"publish","type":"post","link":"https:\/\/www.ra-grotha.de\/wordpress\/4083\/schicksalhafter-unfall-bei-wetten-dass-das-verfahren-samuel-koch-vor-dem-bundessozialgericht\/","title":{"rendered":"Schicksalhafter Unfall bei \u201eWetten, dass..?\u201c \u2013 Das Verfahren Samuel Koch vor dem Bundessozialgericht"},"content":{"rendered":"\n<p>Am 24. September 2025 um 13:00 Uhr verhandelt der 2. Senat des Bundessozialgerichts in Kassel einen Fall, der seit Jahren sowohl medial als auch juristisch gro\u00dfe Aufmerksamkeit erh\u00e4lt: Samuel Koch, der bei der Sendung \u201eWetten, dass..?&#8220; im Dezember 2010 schwer verungl\u00fcckte, klagt darauf, seinen Unfall als Arbeitsunfall anerkannt zu bekommen.<\/p>\n\n\n\n<h3 class=\"wp-block-heading\">Was geschah bei \u201eWetten, dass..?&#8220;<\/h3>\n\n\n\n<p>Samuel Koch trat w\u00e4hrend der bekannten Samstagabendshow als Wettkandidat auf. Seine Aufgabe war es, mit Sprungstelzen in Vorw\u00e4rtssalti \u00fcber mehrere ihm entgegenfahrende Autos zu springen. Beim vierten Fahrzeug st\u00fcrzte er schwer und zog sich eine Querschnittl\u00e4hmung zu. Dieses Ereignis sorgte nicht nur in den Medien f\u00fcr gro\u00dfes Aufsehen, sondern rief auch intensive Diskussionen \u00fcber Sicherheitsstandards und die rechtliche Absicherung von Showkandidaten hervor.<\/p>\n\n\n\n<h3 class=\"wp-block-heading\">Der rechtliche Streit: Geht Show-Mitwirkung als Arbeitsunfall durch?<\/h3>\n\n\n\n<p>Kernfrage des Verfahrens ist, ob Samuel Koch als Wettkandidat einer gesetzlichen Unfallversicherung unterlag, wie sie f\u00fcr Besch\u00e4ftigte und ihnen vergleichbare Personen besteht. Die gesetzliche Unfallversicherung sch\u00fctzt viele Personengruppen vor den finanziellen Folgen eines Arbeitsunfalls \u2013 etwa Arbeitnehmer, Auszubildende oder bestimmte ehrenamtlich T\u00e4tige. Nicht jede T\u00e4tigkeit ist aber automatisch versichert; ma\u00dfgeblich kommt es auf die konkrete gesetzliche Einordnung an.<\/p>\n\n\n\n<p>Samuel Koch hatte mit dem ZDF einen Mitwirkendenvertrag geschlossen, der eine Aufwandsentsch\u00e4digung f\u00fcr Reise- und Sachkosten, aber keinen Lohn vorsah. Die zust\u00e4ndige Berufsgenossenschaft lehnte eine Anerkennung als Arbeitsunfall ab und begr\u00fcndete dies damit, dass Samuel Koch nicht zum versicherten Personenkreis geh\u00f6re.<\/p>\n\n\n\n<h3 class=\"wp-block-heading\">Bisheriger Verfahrensgang und Entscheidung der Vorinstanzen<\/h3>\n\n\n\n<p>Sowohl das Sozialgericht Mannheim als auch das Landessozialgericht Baden-W\u00fcrttemberg wiesen die Klage ab. Beide Gerichte waren der Auffassung, dass Samuel Koch nicht unter den Schutzbereich der gesetzlichen Unfallversicherung fiel. Entscheidend war f\u00fcr die Vorinstanzen: Samuel Koch habe sein Wett-Team selbst zusammengestellt, die Abl\u00e4ufe seiner Wette eigenst\u00e4ndig konzipiert und sei nicht organisatorisch in den Betrieb des Senders eingegliedert gewesen. Seine Mitwirkung erfolgte aus eigenem Pr\u00e4sentations- und Wettbewerbsinteresse; es fehlte an einer sogenannten arbeitnehmer\u00e4hnlichen Besch\u00e4ftigung.<\/p>\n\n\n\n<h3 class=\"wp-block-heading\">Die rechtliche Streitfrage vor dem Bundessozialgericht<\/h3>\n\n\n\n<p>Mit seiner Revision beruft sich Samuel Koch auf verschiedene Vorschriften des Sozialgesetzbuches, die bestimmen, wer in der gesetzlichen Unfallversicherung gesch\u00fctzt ist. Er argumentiert, dass seine Mitwirkung entweder wie eine klassische Besch\u00e4ftigung zu bewerten sei oder zumindest einer arbeitnehmer\u00e4hnlichen T\u00e4tigkeit entspreche. Besonders wichtig ist dabei, dass das ZDF als \u00f6ffentlich-rechtliche Anstalt eine besondere Rolle spielt \u2013 f\u00fcr solche K\u00f6rperschaften gelten erweiterte Versicherungsregeln. Au\u00dferdem macht Samuel Koch geltend, dass er faktisch wie ein Besch\u00e4ftigter in die Abl\u00e4ufe der Sendung eingebunden war, auch wenn kein klassischer Arbeitsvertrag bestand.<\/p>\n\n\n\n<p>Die Beklagte und die Vorinstanzen sehen das anders: F\u00fcr sie war Samuel Koch eigenverantwortlich t\u00e4tig, ohne die typische organisatorische Eingliederung und Weisungsgebundenheit, die f\u00fcr versicherte T\u00e4tigkeiten charakteristisch ist. Die blo\u00dfe Mitwirkung an einer Fernsehshow reiche nicht aus, um den Schutz der gesetzlichen Unfallversicherung auszul\u00f6sen.<\/p>\n\n\n\n<h3 class=\"wp-block-heading\">Was steht zur Entscheidung?<\/h3>\n\n\n\n<p>Das Bundessozialgericht muss nun kl\u00e4ren, ob die Mitwirkung als Showkandidat unter bestimmten Umst\u00e4nden doch als versicherte T\u00e4tigkeit anzusehen ist. Dabei geht es um die Frage, wann jemand &#8222;wie ein Besch\u00e4ftigter&#8220; t\u00e4tig wird und ob die Besonderheiten einer \u00f6ffentlich-rechtlichen Fernsehproduktion den Versicherungsschutz begr\u00fcnden k\u00f6nnen. Die Entscheidung wird auch f\u00fcr andere \u00e4hnliche F\u00e4lle bei TV-Formaten oder Medienproduktionen wegweisend sein.<\/p>\n\n\n\n<h3 class=\"wp-block-heading\">Bedeutung f\u00fcr andere<\/h3>\n\n\n\n<p>Der Fall Samuel Koch verdeutlicht, wie herausfordernd die Abgrenzung im Sozialrecht sein kann und welche Folgen die versicherungsrechtliche Einordnung f\u00fcr Betroffene hat. Die Entscheidung wird mit Spannung erwartet: Sie k\u00f6nnte eine Orientierung f\u00fcr die rechtliche Beurteilung von Unf\u00e4llen bei \u00e4hnlichen Veranstaltungen liefern und Einfluss auf den Umgang mit Unfallrisiken im Medienbereich nehmen.<\/p>\n\n\n\n<p>\u00dcber das Urteil und seine Bedeutung f\u00fcr vergleichbare F\u00e4lle werde ich nach der Verk\u00fcndung informieren.<\/p>\n\n\n\n<hr class=\"wp-block-separator has-alpha-channel-opacity\"\/>\n","protected":false},"excerpt":{"rendered":"<p>Am 24. September 2025 um 13:00 Uhr verhandelt der 2. Senat des Bundessozialgerichts in Kassel einen Fall, der seit Jahren sowohl medial als auch juristisch gro\u00dfe Aufmerksamkeit erh\u00e4lt: Samuel Koch, der bei der Sendung \u201eWetten, dass..?&#8220; im Dezember 2010 schwer<\/p>\n","protected":false},"author":1,"featured_media":1698,"comment_status":"closed","ping_status":"closed","sticky":false,"template":"","format":"standard","meta":{"footnotes":""},"categories":[1,42],"tags":[],"class_list":["post-4083","post","type-post","status-publish","format-standard","has-post-thumbnail","hentry","category-allgemein","category-gesetzliche-unfallversicherung"],"_links":{"self":[{"href":"https:\/\/www.ra-grotha.de\/wordpress\/wp-json\/wp\/v2\/posts\/4083","targetHints":{"allow":["GET"]}}],"collection":[{"href":"https:\/\/www.ra-grotha.de\/wordpress\/wp-json\/wp\/v2\/posts"}],"about":[{"href":"https:\/\/www.ra-grotha.de\/wordpress\/wp-json\/wp\/v2\/types\/post"}],"author":[{"embeddable":true,"href":"https:\/\/www.ra-grotha.de\/wordpress\/wp-json\/wp\/v2\/users\/1"}],"replies":[{"embeddable":true,"href":"https:\/\/www.ra-grotha.de\/wordpress\/wp-json\/wp\/v2\/comments?post=4083"}],"version-history":[{"count":2,"href":"https:\/\/www.ra-grotha.de\/wordpress\/wp-json\/wp\/v2\/posts\/4083\/revisions"}],"predecessor-version":[{"id":4085,"href":"https:\/\/www.ra-grotha.de\/wordpress\/wp-json\/wp\/v2\/posts\/4083\/revisions\/4085"}],"wp:featuredmedia":[{"embeddable":true,"href":"https:\/\/www.ra-grotha.de\/wordpress\/wp-json\/wp\/v2\/media\/1698"}],"wp:attachment":[{"href":"https:\/\/www.ra-grotha.de\/wordpress\/wp-json\/wp\/v2\/media?parent=4083"}],"wp:term":[{"taxonomy":"category","embeddable":true,"href":"https:\/\/www.ra-grotha.de\/wordpress\/wp-json\/wp\/v2\/categories?post=4083"},{"taxonomy":"post_tag","embeddable":true,"href":"https:\/\/www.ra-grotha.de\/wordpress\/wp-json\/wp\/v2\/tags?post=4083"}],"curies":[{"name":"wp","href":"https:\/\/api.w.org\/{rel}","templated":true}]}}