{"id":4046,"date":"2025-08-27T10:00:24","date_gmt":"2025-08-27T09:00:24","guid":{"rendered":"https:\/\/www.ra-grotha.de\/wordpress\/?p=4046"},"modified":"2025-09-12T09:22:58","modified_gmt":"2025-09-12T08:22:58","slug":"brustkrebs-grad-der-behinderung","status":"publish","type":"post","link":"https:\/\/www.ra-grotha.de\/wordpress\/4046\/brustkrebs-grad-der-behinderung\/","title":{"rendered":"Brustkrebs: Grad der Behinderung \u2013 Ihre Rechte und M\u00f6glichkeiten"},"content":{"rendered":"\n<div class=\"wp-block-group seo-content is-layout-constrained wp-block-group-is-layout-constrained\">\n<div style=\"height:40px\" aria-hidden=\"true\" class=\"wp-block-spacer\"><\/div>\n\n\n\n<div class=\"wp-block-columns is-layout-flex wp-container-core-columns-is-layout-1 wp-block-columns-is-layout-flex\">\n<div class=\"wp-block-column seo-das-wichtigste has-white-color has-cyan-bluish-gray-background-color has-text-color has-background has-link-color wp-elements-1255f8ad01f31b62b491393aaac921d2 is-layout-flow wp-block-column-is-layout-flow\">\n<h2 class=\"wp-block-heading has-white-color has-text-color has-link-color wp-elements-fb468946e7ecf4699799eca3e079f883\">Das Wichtigste im \u00dcberblick:<\/h2>\n\n\n\n<ul class=\"wp-block-list\">\n<li>Nach einer Brustkrebserkrankung haben Sie Anspruch auf die Feststellung eines Grades der Behinderung (GdB), der Ihren gesundheitlichen Einschr\u00e4nkungen entspricht.<\/li>\n\n\n\n<li>Die Bewertung erfolgt anhand der Versorgungsmedizin-Verordnung (VersMedV) und ber\u00fccksichtigt sowohl die Krebserkrankung selbst als auch deren Therapiefolgen.<\/li>\n\n\n\n<li>Ein angemessener Grad der Behinderung er\u00f6ffnet Zugang zu Nachteilsausgleichen wie steuerlichen Verg\u00fcnstigungen, zus\u00e4tzlichen Urlaubstagen oder besonderen K\u00fcndigungsschutzregelungen. Die konkreten Vorteile h\u00e4ngen von der H\u00f6he des festgestellten GdB und den ggf. anerkannten Merkzeichen ab.<\/li>\n<\/ul>\n<\/div>\n<\/div>\n\n\n\n<div style=\"height:40px\" aria-hidden=\"true\" class=\"wp-block-spacer\"><\/div>\n\n\n\n<div style=\"display: flex; justify-content: center;\">\n    <button type=\"button\" class=\"custom-cta-button\" onclick=\"openFloatingChat()\">Hier Online-Anfrage stellen<\/button>\n<\/div>\n\n\n\n<h2 class=\"wp-block-heading\">Einleitung und Relevanz des Themas<\/h2>\n\n\n\n<p>Eine Brustkrebsdiagnose ver\u00e4ndert das Leben grundlegend. Neben der medizinischen Behandlung m\u00fcssen sich Betroffene auch mit den sozialrechtlichen Aspekten ihrer Erkrankung auseinandersetzen. Die Feststellung eines Grades der Behinderung spielt dabei eine zentrale Rolle und kann entscheidend f\u00fcr die Sicherung der Lebensqualit\u00e4t und finanziellen Stabilit\u00e4t sein.<\/p>\n\n\n\n<p>Viele Betroffene wissen nicht, dass sie nach einer Brustkrebserkrankung Anspruch auf die Anerkennung einer Schwerbehinderung haben k\u00f6nnen. Diese Anerkennung bringt nicht nur symbolische Bedeutung mit sich, sondern er\u00f6ffnet konkrete Rechte und Unterst\u00fctzungsangebote im Berufsleben und dar\u00fcber hinaus.<\/p>\n\n\n\n<h2 class=\"wp-block-heading\">Rechtliche Grundlagen der Behinderungsfeststellung<\/h2>\n\n\n\n<p>Die Feststellung des Grades der Behinderung bei Brustkrebs erfolgt nach den Bestimmungen des Neunten Sozialgesetzbuches (\u00a7 152 SGB IX bzw. bei Altf\u00e4llen \u00a7 69 SGB IX) in Verbindung mit der jeweils aktuellen Versorgungsmedizin-Verordnung (VersMedV). Diese rechtlichen Grundlagen definieren, unter welchen Voraussetzungen und in welchem Umfang gesundheitliche Beeintr\u00e4chtigungen als Behinderung anerkannt werden.<\/p>\n\n\n\n<p>Der Begriff der Behinderung im sozialrechtlichen Sinne umfasst k\u00f6rperliche, seelische, geistige oder Sinnesbeeintr\u00e4chtigungen, die in Wechselwirkung mit einstellungs- und umweltbedingten Barrieren die gleichberechtigte Teilhabe am gesellschaftlichen Leben beeintr\u00e4chtigen k\u00f6nnen. Bei einer Krebserkrankung wie Brustkrebs sind sowohl die unmittelbaren Auswirkungen der Erkrankung als auch die Folgen der notwendigen Therapien zu ber\u00fccksichtigen.<\/p>\n\n\n\n<p>Die ma\u00dfgeblichen Bewertungskriterien f\u00fcr b\u00f6sartige Neubildungen finden sich in der Anlage zu den Versorgungsmedizinischen Grunds\u00e4tzen, Teil B, insbesondere Nr. 1.c und f\u00fcr Brustkrebs in Nr. 14.1 der VersMedV. Die Bewertung erfolgt nicht nur anhand der medizinischen Diagnose, sondern ber\u00fccksichtigt die individuellen Auswirkungen auf die Leistungsf\u00e4higkeit und Lebensqualit\u00e4t der Betroffenen.<strong> <\/strong><\/p>\n\n\n\n<h2 class=\"wp-block-heading\">Bewertungskriterien bei Brustkrebs<\/h2>\n\n\n\n<p>Die Bewertung des Grades der Behinderung bei Brustkrebs folgt einem strukturierten System, das verschiedene Faktoren ber\u00fccksichtigt. Grunds\u00e4tzlich wird zwischen der akuten Behandlungsphase und der Zeit nach Abschluss der Prim\u00e4rtherapie unterschieden.<\/p>\n\n\n\n<p>W\u00e4hrend der aktiven Behandlungsphase und der nachfolgenden Heilungsbew\u00e4hrung kann ein GdB von mindestens 50 anerkannt werden. Die konkrete H\u00f6he kann jedoch je nach individuellen gesundheitlichen Beeintr\u00e4chtigungen im Einzelfall variieren. Diese Bewertung tr\u00e4gt der Tatsache Rechnung, dass die Behandlung selbst erhebliche Einschr\u00e4nkungen der Lebensf\u00fchrung mit sich bringt.<\/p>\n\n\n\n<p>Nach Abschluss der Heilungsbew\u00e4hrungszeit erfolgt eine Neubewertung, die verschiedene Aspekte einbezieht. Dazu geh\u00f6ren m\u00f6gliche Organverluste oder funktionelle Beeintr\u00e4chtigungen, wie sie beispielsweise nach einer Mastektomie auftreten k\u00f6nnen. Auch die Auswirkungen auf das Lymphsystem, etwa durch die Entfernung von Lymphknoten, flie\u00dfen in die Bewertung ein.<\/p>\n\n\n\n<p>Besondere Bedeutung kommt der Ber\u00fccksichtigung von Therapiefolgen zu. Hierzu z\u00e4hlen beispielsweise Lymph\u00f6deme, Bewegungseinschr\u00e4nkungen des Arms, Sensibilit\u00e4tsst\u00f6rungen oder psychische Belastungen. Diese Folgesch\u00e4den k\u00f6nnen dauerhaft bestehen und erhebliche Auswirkungen auf die Lebensqualit\u00e4t haben.<\/p>\n\n\n\n<h2 class=\"wp-block-heading\">Typische Bewertungen und Fallkonstellationen<\/h2>\n\n\n\n<p>Die Bewertungspraxis bei Brustkrebs zeigt verschiedene typische Konstellationen auf:<\/p>\n\n\n\n<ul class=\"wp-block-list\">\n<li>W\u00e4hrend der Heilungsbew\u00e4hrungszeit, die \u00fcblicherweise f\u00fcnf Jahre betr\u00e4gt, ist der GdB abh\u00e4ngig von den individuellen Umst\u00e4nden und dem Stadium des Tumors..<br><\/li>\n\n\n\n<li>Nach der Heilungsbew\u00e4hrung: F\u00fcr eine Mastektomie (Verlust einer Brust) betr\u00e4gt der GdB gem\u00e4\u00df Teil B Nr. 14.1 der Anlage zur VersMedV einseitig 30, beidseitig 40.<br><\/li>\n\n\n\n<li>Kommen zus\u00e4tzliche Beeintr\u00e4chtigungen wie ein Lymph\u00f6dem oder Bewegungseinschr\u00e4nkungen hinzu, kann sich die Bewertung entsprechend erh\u00f6hen. Mehrere Beeintr\u00e4chtigungen werden nicht einfach addiert, sondern anhand der jeweiligen wechselseitigen Auswirkungen auf die Teilhabe bewertet, wie es die VersMedV und die Rechtsprechung vorgeben.<br><\/li>\n\n\n\n<li>Bei beidseitigem Brustkrebs oder bei Auftreten von Metastasen erfolgt eine entsprechend h\u00f6here Bewertung.<\/li>\n\n\n\n<li>Besonders zu ber\u00fccksichtigen sind psychische Belastungen wie \u00c4ngste oder Depressionen, sofern sie objektiv nachweisbar und eigenst\u00e4ndig krankheitswert sind. Solche Belastungen k\u00f6nnen in die Gesamtbewertung mit einflie\u00dfen und den GdB erh\u00f6hen.<br><br><\/li>\n<\/ul>\n\n\n\n<h2 class=\"wp-block-heading\">Praktische Tipps f\u00fcr den Antragsprozess<\/h2>\n\n\n\n<ul class=\"wp-block-list\">\n<li>Der Antrag auf Feststellung des Grades der Behinderung sollte fr\u00fchzeitig gestellt werden, idealerweise bereits w\u00e4hrend der laufenden Behandlung. Dies erm\u00f6glicht es, von Beginn an die entsprechenden Nachteilsausgleiche zu nutzen und sich rechtlich abzusichern.<\/li>\n\n\n\n<li>Bei der Antragstellung und vor allem bei der Nachpr\u00fcfung des GdB nach Ablauf der Heilungsbew\u00e4hrung ist eine vollst\u00e4ndige und detaillierte Darstellung der gesundheitlichen Beeintr\u00e4chtigungen von entscheidender Bedeutung. Sammeln Sie alle relevanten medizinischen Unterlagen und lassen Sie sich von Ihren behandelnden \u00c4rzten ausf\u00fchrliche Berichte erstellen. Diese sollten nicht nur die Diagnose, sondern auch die konkreten Auswirkungen auf Ihre Leistungsf\u00e4higkeit und Ihren Alltag beschreiben.<\/li>\n\n\n\n<li>F\u00fchren Sie ein Schmerztagebuch oder dokumentieren Sie anderweitig Ihre Beschwerden und Einschr\u00e4nkungen im Alltag. Diese Aufzeichnungen k\u00f6nnen bei der Begutachtung hilfreich sein und die Nachvollziehbarkeit Ihrer Angaben unterst\u00fctzen.<\/li>\n\n\n\n<li>Nutzen Sie auch die M\u00f6glichkeit, sich bei der Antragstellung professionell beraten zu lassen. Rechtsanwalt Alexander Grotha unterst\u00fctzt Sie dabei, Ihre Anspr\u00fcche angemessen darzustellen und durchzusetzen. Eine fachkundige Begleitung kann entscheidend daf\u00fcr sein, dass Ihre gesundheitlichen Beeintr\u00e4chtigungen korrekt erfasst und bewertet werden.<br><br><\/li>\n<\/ul>\n\n\n\n<div style=\"display: flex; justify-content: center;\">\n    <button type=\"button\" class=\"custom-cta-button\" onclick=\"openFloatingChat()\">Hier Online-Anfrage stellen<\/button>\n<\/div>\n\n\n\n<h2 class=\"wp-block-heading\">Aktuelle Entwicklungen im Schwerbehindertenrecht<\/h2>\n\n\n\n<p>Das Schwerbehindertenrecht unterliegt einer kontinuierlichen Weiterentwicklung, die darauf abzielt, die Situation von Menschen mit Behinderungen zu verbessern und ihre gesellschaftliche Teilhabe zu st\u00e4rken. In den letzten Jahren haben sich sowohl rechtliche Rahmenbedingungen als auch die Bewertungspraxis in verschiedenen Bereichen ver\u00e4ndert.<\/p>\n\n\n\n<p>Besondere Aufmerksamkeit gilt der verst\u00e4rkten Ber\u00fccksichtigung psychischer Belastungen bei chronischen Erkrankungen wie Krebs. Die Rechtsprechung erkennt zunehmend an, dass eine Krebserkrankung nicht nur k\u00f6rperliche, sondern auch erhebliche seelische Auswirkungen haben kann, die bei der Bewertung des Grades der Behinderung zu ber\u00fccksichtigen sind.<\/p>\n\n\n\n<p>Die Digitalisierung der Verwaltungsverfahren schreitet voran und soll zuk\u00fcnftig zu schnelleren Bearbeitungszeiten und transparenteren Prozessen f\u00fchren. Dennoch bleibt die fachkundige Beratung und Vertretung in komplexeren F\u00e4llen unverzichtbar.<\/p>\n\n\n\n<h2 class=\"wp-block-heading\">Checkliste f\u00fcr Betroffene<\/h2>\n\n\n\n<ul class=\"wp-block-list\">\n<li>Antrag auf Schwerbehinderung fr\u00fchzeitig stellen, idealerweise w\u00e4hrend der laufenden Behandlung.<\/li>\n\n\n\n<li>Alle medizinischen Unterlagen sammeln und vollst\u00e4ndige Arztberichte einholen.<\/li>\n\n\n\n<li>Therapiefolgen und Alltagseinschr\u00e4nkungen detailliert dokumentieren.<\/li>\n\n\n\n<li>Psychische Belastungen nicht vernachl\u00e4ssigen und gegebenenfalls fach\u00e4rztlich abkl\u00e4ren lassen.<\/li>\n\n\n\n<li>Bei unzureichender Bewertung Widerspruch einlegen und rechtliche Unterst\u00fctzung suchen. Bei Ablehnung Ihres Antrags k\u00f6nnen Sie innerhalb eines Monats nach Zustellung der ablehnenden Entscheidung Widerspruch einlegen. Die Frist beginnt nur zu laufen, wenn eine ordnungsgem\u00e4\u00dfe Rechtsbehelfsbelehrung beigef\u00fcgt war.<\/li>\n\n\n\n<li>Regelm\u00e4\u00dfige \u00dcberpr\u00fcfung des Grades der Behinderung bei Verschlechterung des Gesundheitszustands.<\/li>\n\n\n\n<li>Nachteilsausgleiche aktiv nutzen und \u00fcber Neuerungen informiert bleiben.<\/li>\n\n\n\n<li>Austausch mit anderen Betroffenen und Selbsthilfegruppen suchen.<\/li>\n<\/ul>\n\n\n\n<p>Wenn Sie Unterst\u00fctzung bei der Durchsetzung Ihrer Anspr\u00fcche ben\u00f6tigen, steht Ihnen die Kanzlei Rechtsanwalt Alexander Grotha mit langj\u00e4hriger Erfahrung im Schwerbehindertenrecht zur Seite. Durch die jahrelange Spezialisierung auf das Sozialrecht kann ich Sie kompetent bei allen Fragen rund um die Anerkennung und Bewertung Ihrer Behinderung beraten und vertreten.<\/p>\n\n\n\n<div style=\"display: flex; justify-content: center;\">\n    <button type=\"button\" class=\"custom-cta-button\" onclick=\"openFloatingChat()\">Hier Online-Anfrage stellen<\/button>\n<\/div>\n\n\n\n<h2 class=\"wp-block-heading\">Handlungsempfehlung<\/h2>\n\n\n\n<p>Die Feststellung eines angemessenen Grades der Behinderung nach einer Brustkrebserkrankung ist nicht nur ein b\u00fcrokratischer Akt, sondern ein wichtiger Baustein f\u00fcr die Sicherung Ihrer Lebensqualit\u00e4t und gesellschaftlichen Teilhabe. Die korrekte Bewertung Ihrer gesundheitlichen Beeintr\u00e4chtigungen kann entscheidend f\u00fcr Ihren beruflichen und privaten Alltag sein.<\/p>\n\n\n\n<p>Lassen Sie sich nicht von komplexen Verfahren oder unzureichenden Bewertungen entmutigen. Mit der richtigen Unterst\u00fctzung und einer fundierten rechtlichen Beratung k\u00f6nnen Sie Ihre Anspr\u00fcche erfolgreich durchsetzen. Jeder Fall ist individuell zu betrachten, und oft lohnt es sich, gegen unzureichende Entscheidungen vorzugehen.<\/p>\n\n\n\n<p>Ihre Gesundheit und Ihr Wohlbefinden stehen an erster Stelle. Nutzen Sie alle rechtlichen M\u00f6glichkeiten, um die Unterst\u00fctzung zu erhalten, die Ihnen zusteht. Bei Fragen oder Unsicherheiten z\u00f6gern Sie nicht, professionelle Hilfe in Anspruch zu nehmen.<\/p>\n\n\n\n<h2 class=\"wp-block-heading\">H\u00e4ufig gestellte Fragen<\/h2>\n\n\n\n<h3 class=\"wp-block-heading\">Wann sollte ich einen Antrag auf Schwerbehinderung stellen?<\/h3>\n\n\n\n<p>Idealerweise sollten Sie den Antrag bereits w\u00e4hrend der laufenden Krebsbehandlung stellen. Dies erm\u00f6glicht es Ihnen, von Beginn an die entsprechenden Nachteilsausgleiche zu nutzen und rechtlich abgesichert zu sein.<\/p>\n\n\n\n<h3 class=\"wp-block-heading\">Welcher Grad der Behinderung wird bei Brustkrebs typischerweise festgestellt?<\/h3>\n\n\n\n<p>W\u00e4hrend der Behandlungsphase und anschlie\u00dfenden Heilungsbew\u00e4hrung von 5 Jahren wird in der Regel ein GdB von mindestens 50 anerkannt. Nach Abschluss der Heilungsbew\u00e4hrung variiert die Bewertung abh\u00e4ngig von den individuellen Folgesch\u00e4den und Einschr\u00e4nkungen.<\/p>\n\n\n\n<h3 class=\"wp-block-heading\">Was kann ich tun, wenn mein Antrag abgelehnt wurde?<\/h3>\n\n\n\n<p>Bei Ablehnung Ihres Antrags k\u00f6nnen Sie innerhalb eines Monats nach Zustellung der ablehnenden Entscheidung Widerspruch einlegen. Die Frist beginnt nur zu laufen, wenn Ihnen eine ordnungsgem\u00e4\u00dfe Rechtsbehelfsbelehrung beigef\u00fcgt wurde.<\/p>\n\n\n\n<h3 class=\"wp-block-heading\">Werden auch psychische Belastungen durch die Krebserkrankung ber\u00fccksichtigt?<\/h3>\n\n\n\n<p>Ja, psychische Belastungen wie \u00c4ngste oder Depressionen k\u00f6nnen in die Gesamtbewertung einfliessen und den GdB erh\u00f6hen, sofern sie objektiv nachweisbar sind und eigenst\u00e4ndige Krankheitswerte aufweisen.<\/p>\n\n\n\n<h3 class=\"wp-block-heading\">Wie lange dauert das Feststellungsverfahren?<\/h3>\n\n\n\n<p>Die Bearbeitungszeit variiert je nach Bundesland und kann zwischen wenigen Wochen bis zu mehreren Monaten betragen. Bei komplexeren F\u00e4llen oder notwendigen Zusatzgutachten kann sich das Verfahren verl\u00e4ngern.<\/p>\n\n\n\n<div style=\"display: flex; justify-content: center;\">\n    <button type=\"button\" class=\"custom-cta-button\" onclick=\"openFloatingChat()\">Hier Online-Anfrage stellen<\/button>\n<\/div>\n\n\n\n<div style=\"height:40px\" aria-hidden=\"true\" class=\"wp-block-spacer\"><\/div>\n<\/div>\n","protected":false},"excerpt":{"rendered":"<p>Nach einer Brustkrebserkrankung haben Betroffene Anspruch auf die Feststellung eines Grades der Behinderung. Die korrekte Bewertung sichert wichtige Nachteilsausgleiche und kann erhebliche finanzielle Vorteile bringen. Erfahren Sie, welche Rechte Ihnen zustehen und wie Sie diese erfolgreich durchsetzen.<\/p>\n","protected":false},"author":2,"featured_media":4080,"comment_status":"closed","ping_status":"open","sticky":false,"template":"","format":"standard","meta":{"footnotes":""},"categories":[37],"tags":[],"class_list":["post-4046","post","type-post","status-publish","format-standard","has-post-thumbnail","hentry","category-schwerbehindertenrecht"],"_links":{"self":[{"href":"https:\/\/www.ra-grotha.de\/wordpress\/wp-json\/wp\/v2\/posts\/4046","targetHints":{"allow":["GET"]}}],"collection":[{"href":"https:\/\/www.ra-grotha.de\/wordpress\/wp-json\/wp\/v2\/posts"}],"about":[{"href":"https:\/\/www.ra-grotha.de\/wordpress\/wp-json\/wp\/v2\/types\/post"}],"author":[{"embeddable":true,"href":"https:\/\/www.ra-grotha.de\/wordpress\/wp-json\/wp\/v2\/users\/2"}],"replies":[{"embeddable":true,"href":"https:\/\/www.ra-grotha.de\/wordpress\/wp-json\/wp\/v2\/comments?post=4046"}],"version-history":[{"count":8,"href":"https:\/\/www.ra-grotha.de\/wordpress\/wp-json\/wp\/v2\/posts\/4046\/revisions"}],"predecessor-version":[{"id":4081,"href":"https:\/\/www.ra-grotha.de\/wordpress\/wp-json\/wp\/v2\/posts\/4046\/revisions\/4081"}],"wp:featuredmedia":[{"embeddable":true,"href":"https:\/\/www.ra-grotha.de\/wordpress\/wp-json\/wp\/v2\/media\/4080"}],"wp:attachment":[{"href":"https:\/\/www.ra-grotha.de\/wordpress\/wp-json\/wp\/v2\/media?parent=4046"}],"wp:term":[{"taxonomy":"category","embeddable":true,"href":"https:\/\/www.ra-grotha.de\/wordpress\/wp-json\/wp\/v2\/categories?post=4046"},{"taxonomy":"post_tag","embeddable":true,"href":"https:\/\/www.ra-grotha.de\/wordpress\/wp-json\/wp\/v2\/tags?post=4046"}],"curies":[{"name":"wp","href":"https:\/\/api.w.org\/{rel}","templated":true}]}}