{"id":4000,"date":"2025-07-02T10:00:22","date_gmt":"2025-07-02T09:00:22","guid":{"rendered":"https:\/\/www.ra-grotha.de\/wordpress\/?p=4000"},"modified":"2025-09-12T09:17:30","modified_gmt":"2025-09-12T08:17:30","slug":"grad-der-behinderung-bei-psychischen-erkrankungen","status":"publish","type":"post","link":"https:\/\/www.ra-grotha.de\/wordpress\/4000\/grad-der-behinderung-bei-psychischen-erkrankungen\/","title":{"rendered":"Grad der Behinderung bei psychischen Erkrankungen"},"content":{"rendered":"\n<div class=\"wp-block-group seo-content is-layout-constrained wp-block-group-is-layout-constrained\">\n<div style=\"height:40px\" aria-hidden=\"true\" class=\"wp-block-spacer\"><\/div>\n\n\n\n<div class=\"wp-block-columns is-layout-flex wp-container-core-columns-is-layout-1 wp-block-columns-is-layout-flex\">\n<div class=\"wp-block-column seo-das-wichtigste has-white-color has-cyan-bluish-gray-background-color has-text-color has-background has-link-color wp-elements-6a77e2c2ed655df4d39740e5b2d80881 is-layout-flow wp-block-column-is-layout-flow\">\n<h2 class=\"wp-block-heading has-white-color has-text-color has-link-color wp-elements-fb468946e7ecf4699799eca3e079f883\">Das Wichtigste im \u00dcberblick:<\/h2>\n\n\n\n<ul class=\"wp-block-list\">\n<li><strong>Psychische Erkrankungen k\u00f6nnen einen Grad der Behinderung von 20 bis 100 begr\u00fcnden<\/strong> &#8211; die H\u00f6he richtet sich nach dem Schweregrad und den Auswirkungen auf die Teilhabe am gesellschaftlichen Leben<\/li>\n\n\n\n<li><strong>Eine sorgf\u00e4ltige Dokumentation durch Fach\u00e4rzte ist entscheidend<\/strong> f\u00fcr die erfolgreiche Anerkennung eines angemessenen GdB bei psychischen Leiden<\/li>\n\n\n\n<li><strong>Widerspruchsverfahren sind bei psychischen Erkrankungen besonders h\u00e4ufig erfolgreich<\/strong>, da die Begutachtung komplex ist und oft nicht alle Aspekte ber\u00fccksichtigt werden<\/li>\n<\/ul>\n<\/div>\n<\/div>\n\n\n\n<div style=\"height:40px\" aria-hidden=\"true\" class=\"wp-block-spacer\"><\/div>\n\n\n\n<div style=\"display: flex; justify-content: center;\">\n    <button type=\"button\" class=\"custom-cta-button\" onclick=\"openFloatingChat()\">Hier Online-Anfrage stellen<\/button>\n<\/div>\n\n\n\n<h2 class=\"wp-block-heading\">Warum der Grad der Behinderung bei psychischen Erkrankungen wichtig ist<\/h2>\n\n\n\n<p>Psychische Erkrankungen sind in Deutschland weit verbreitet und betreffen Millionen von Menschen. Dennoch werden sie h\u00e4ufig untersch\u00e4tzt oder nicht angemessen anerkannt. Der Grad der Behinderung bei psychischen Erkrankungen spielt eine entscheidende Rolle f\u00fcr die Teilhabe am gesellschaftlichen Leben und den Zugang zu wichtigen Nachteilsausgleichen.<\/p>\n\n\n\n<p>Die Anerkennung einer Schwerbehinderung aufgrund psychischer Leiden ist oft komplexer als bei k\u00f6rperlichen Beeintr\u00e4chtigungen, da die Auswirkungen nicht immer sichtbar sind. Viele Betroffene wissen nicht, dass auch psychische Erkrankungen wie Depressionen, Angstst\u00f6rungen oder Burnout einen Anspruch auf die Anerkennung eines Grades der Behinderung begr\u00fcnden k\u00f6nnen.<\/p>\n\n\n\n<p>Die richtige Einsch\u00e4tzung und Beantragung eines GdB bei psychischen Erkrankungen erfordert umfassendes Wissen \u00fcber die rechtlichen Grundlagen, die medizinischen Bewertungskriterien und die praktischen Abl\u00e4ufe des Verfahrens.<\/p>\n\n\n\n<h2 class=\"wp-block-heading\">Rechtliche Grundlagen der GdB-Bewertung bei psychischen Erkrankungen<\/h2>\n\n\n\n<h3 class=\"wp-block-heading\">Das Neunte Sozialgesetzbuch als Grundlage<\/h3>\n\n\n\n<p>Die rechtliche Basis f\u00fcr die Bewertung des Grades der Behinderung bei psychischen Erkrankungen bildet das Neunte Sozialgesetzbuch. Nach \u00a7 2 SGB IX sind Menschen behindert, wenn ihre k\u00f6rperliche Funktion, geistige F\u00e4higkeit oder seelische Gesundheit mit hoher Wahrscheinlichkeit l\u00e4nger als sechs Monate von dem f\u00fcr das Lebensalter typischen Zustand abweichen und daher ihre Teilhabe am Leben in der Gesellschaft beeintr\u00e4chtigt ist.<\/p>\n\n\n\n<h3 class=\"wp-block-heading\">Die Versorgungsmedizin-Verordnung<\/h3>\n\n\n\n<p>Die konkrete Bewertung psychischer Erkrankungen erfolgt nach der Versorgungsmedizin-Verordnung (VersMedV) und den darin enthaltenen Versorgungsmedizinischen Grunds\u00e4tzen. Diese enthalten detaillierte Bewertungstabellen f\u00fcr verschiedene psychische St\u00f6rungen und deren Auspr\u00e4gungsgrade.<\/p>\n\n\n\n<p>Die Bewertung erfolgt dabei nicht nur nach der Diagnose, sondern prim\u00e4r nach den Auswirkungen der Erkrankung auf die Teilhabem\u00f6glichkeiten des Betroffenen. Dabei werden verschiedene Lebensbereiche betrachtet, wie die F\u00e4higkeit zur selbst\u00e4ndigen Lebensf\u00fchrung, berufliche Integration und soziale Beziehungen.<\/p>\n\n\n\n<h3 class=\"wp-block-heading\">Zust\u00e4ndigkeit der Versorgungs\u00e4mter<\/h3>\n\n\n\n<p>F\u00fcr die Feststellung des Grades der Behinderung sind die Versorgungs\u00e4mter der L\u00e4nder zust\u00e4ndig. Diese pr\u00fcfen die eingereichten Unterlagen und leiten eine gutachtliche Bewertung der Erkrankungen ein. Dies geschieht leider h\u00e4ufig nur nach Aktenlage ohne pers\u00f6nliche Untersuchung. <\/p>\n\n\n\n<h2 class=\"wp-block-heading\">Bewertungskriterien f\u00fcr psychische Erkrankungen<\/h2>\n\n\n\n<h3 class=\"wp-block-heading\">Funktionale Bewertungsans\u00e4tze<\/h3>\n\n\n\n<p>Die Bewertung psychischer Erkrankungen erfolgt nach einem funktionalen Ansatz. Entscheidend ist nicht die Diagnose allein, sondern die tats\u00e4chlichen Auswirkungen auf die Lebensbereiche des Betroffenen. Dabei werden folgende Funktionsbereiche betrachtet:<\/p>\n\n\n\n<p><strong>Kognitive Funktionen:<\/strong> Hierzu geh\u00f6ren Konzentrationsf\u00e4higkeit, Merkf\u00e4higkeit, Aufmerksamkeit und Denkgeschwindigkeit. Beeintr\u00e4chtigungen in diesen Bereichen k\u00f6nnen erhebliche Auswirkungen auf die berufliche Leistungsf\u00e4higkeit haben.<\/p>\n\n\n\n<p><strong>Affektive Funktionen:<\/strong> Die Regulation von Emotionen, Stimmungsschwankungen und die F\u00e4higkeit zur emotionalen Kontrolle werden hier bewertet. Schwere Depressionen oder manische Episoden k\u00f6nnen zu erheblichen Funktionseinschr\u00e4nkungen f\u00fchren.<\/p>\n\n\n\n<p><strong>Soziale Anpassung:<\/strong> Die F\u00e4higkeit zur Gestaltung zwischenmenschlicher Beziehungen, zur Konfliktbew\u00e4ltigung und zur Integration in gesellschaftliche Strukturen ist ein wesentlicher Bewertungsaspekt.<\/p>\n\n\n\n<p><strong>Selbstversorgung:<\/strong> Hierunter fallen die Bew\u00e4ltigung allt\u00e4glicher Aufgaben, die K\u00f6rperpflege und die selbst\u00e4ndige Haushaltsf\u00fchrung.<\/p>\n\n\n\n<h3 class=\"wp-block-heading\">GdB-Stufen bei verschiedenen psychischen Erkrankungen<\/h3>\n\n\n\n<p><strong>Leichte psychische St\u00f6rungen (GdB 0-20):<\/strong> Bei milden Formen von Depressionen oder Angstst\u00f6rungen, die sich durch entsprechende Behandlung gut kompensieren lassen und nur geringe Auswirkungen auf die Lebensf\u00fchrung haben.<\/p>\n\n\n\n<p><strong>St\u00e4rker behindernde St\u00f6rungen mit wesentlicher Einschr\u00e4nkung der Erlebnis- und Gestaltungsf\u00e4higkeit (GdB 30-40):<\/strong> Bei st\u00e4rker ausgepr\u00e4gten Symptomen, die zu deutlichen Beeintr\u00e4chtigungen in mehreren Lebensbereichen f\u00fchren, aber noch eine gewisse berufliche und soziale Integration erm\u00f6glichen.<\/p>\n\n\n\n<p><strong>Schwere psychische St\u00f6rungen (GdB 50-100):<\/strong> Bei erheblichen Funktionseinschr\u00e4nkungen, die eine regelm\u00e4\u00dfige berufliche T\u00e4tigkeit stark erschweren oder unm\u00f6glich machen und zu sozialer Isolation f\u00fchren k\u00f6nnen.<\/p>\n\n\n\n<h2 class=\"wp-block-heading\">H\u00e4ufige psychische Erkrankungen und ihre GdB-Bewertung<\/h2>\n\n\n\n<h3 class=\"wp-block-heading\">Depressive St\u00f6rungen<\/h3>\n\n\n\n<p>Depressive Erkrankungen geh\u00f6ren zu den h\u00e4ufigsten psychischen Leiden und k\u00f6nnen je nach Schweregrad und Auspr\u00e4gung unterschiedliche GdB-Werte begr\u00fcnden. Bei der Bewertung werden insbesondere folgende Faktoren ber\u00fccksichtigt:<\/p>\n\n\n\n<p>Die Schwere der depressiven Symptomatik zeigt sich in verschiedenen Bereichen. Antriebslosigkeit und Interessenverlust k\u00f6nnen die berufliche Leistungsf\u00e4higkeit erheblich beeintr\u00e4chtigen. Konzentrationsst\u00f6rungen und Ged\u00e4chtnisprobleme erschweren komplexe Arbeitsaufgaben. Schlafst\u00f6rungen und k\u00f6rperliche Beschwerden verst\u00e4rken die Beeintr\u00e4chtigungen zus\u00e4tzlich.<\/p>\n\n\n\n<p>Bei rezidivierenden depressiven Episoden ist die H\u00e4ufigkeit und Dauer der Krankheitsphasen von besonderer Bedeutung. Auch die Behandlungsresistenz spielt eine wichtige Rolle &#8211; wenn trotz angemessener Therapie keine ausreichende Besserung eintritt, kann dies f\u00fcr einen h\u00f6heren GdB sprechen.<\/p>\n\n\n\n<p>Die sozialen Auswirkungen depressiver Erkrankungen sind oft gravierend. R\u00fcckzug aus sozialen Kontakten, Partnerschaftsprobleme und die Unf\u00e4higkeit zur Teilnahme an gesellschaftlichen Aktivit\u00e4ten flie\u00dfen in die Bewertung ein.<\/p>\n\n\n\n<h3 class=\"wp-block-heading\">Angstst\u00f6rungen<\/h3>\n\n\n\n<p>Angstst\u00f6rungen manifestieren sich in verschiedenen Formen und k\u00f6nnen erhebliche Auswirkungen auf die Lebensf\u00fchrung haben. Die Bewertung erfolgt je nach Art und Auspr\u00e4gung der Angstst\u00f6rung:<\/p>\n\n\n\n<p><strong>Generalisierte Angstst\u00f6rung:<\/strong> Charakterisiert durch anhaltende, \u00fcberm\u00e4\u00dfige Sorgen und k\u00f6rperliche Anspannung. Die st\u00e4ndige innere Unruhe und Erwartungsangst k\u00f6nnen die Konzentrationsf\u00e4higkeit und Leistungsf\u00e4higkeit stark beeintr\u00e4chtigen.<\/p>\n\n\n\n<p><strong>Panikst\u00f6rung:<\/strong> Wiederkehrende Panikattacken mit intensiven k\u00f6rperlichen Symptomen k\u00f6nnen zu erheblichem Vermeidungsverhalten f\u00fchren. Die Angst vor der n\u00e4chsten Attacke (Erwartungsangst) kann die Lebensqualit\u00e4t stark einschr\u00e4nken.<\/p>\n\n\n\n<p><strong>Soziale Phobie:<\/strong> Die Furcht vor sozialen Situationen kann berufliche und private Kontakte massiv beeintr\u00e4chtigen. Vermeidungsverhalten kann zu sozialer Isolation und beruflichen Einschr\u00e4nkungen f\u00fchren.<\/p>\n\n\n\n<p><strong>Agoraphobie:<\/strong> Die Angst vor bestimmten Orten oder Situationen kann die Mobilit\u00e4t stark einschr\u00e4nken und zu erheblichen Problemen im Alltag f\u00fchren.<\/p>\n\n\n\n<p>Bei der GdB-Bewertung von Angstst\u00f6rungen werden besonders die Auswirkungen auf die berufliche Leistungsf\u00e4higkeit, die sozialen Kontakte und die allt\u00e4gliche Lebensf\u00fchrung ber\u00fccksichtigt.<\/p>\n\n\n\n<h3 class=\"wp-block-heading\">Pers\u00f6nlichkeitsst\u00f6rungen<\/h3>\n\n\n\n<p>Pers\u00f6nlichkeitsst\u00f6rungen sind tief verwurzelte, unflexible Verhaltensmuster, die zu deutlichen Beeintr\u00e4chtigungen in zwischenmenschlichen Beziehungen und der beruflichen Anpassung f\u00fchren k\u00f6nnen. Die Bewertung erfolgt nach der Art und dem Schweregrad der St\u00f6rung:<\/p>\n\n\n\n<p><strong>Borderline-Pers\u00f6nlichkeitsst\u00f6rung:<\/strong> Charakterisiert durch instabile zwischenmenschliche Beziehungen, Identit\u00e4tsst\u00f6rungen und impulsives Verhalten. Die emotionale Instabilit\u00e4t kann zu erheblichen Problemen in allen Lebensbereichen f\u00fchren.<\/p>\n\n\n\n<p><strong>Antisoziale Pers\u00f6nlichkeitsst\u00f6rung:<\/strong> Missachtung sozialer Normen und Rechte anderer kann zu anhaltenden Konflikten und Schwierigkeiten bei der beruflichen Integration f\u00fchren.<\/p>\n\n\n\n<p><strong>Narzisstische Pers\u00f6nlichkeitsst\u00f6rung:<\/strong> \u00dcberh\u00f6htes Selbstwertgef\u00fchl und Mangel an Empathie k\u00f6nnen zwischenmenschliche Beziehungen und die berufliche Zusammenarbeit beeintr\u00e4chtigen.<\/p>\n\n\n\n<p>Die Bewertung von Pers\u00f6nlichkeitsst\u00f6rungen ist besonders komplex, da die Abgrenzung zwischen Pers\u00f6nlichkeitseigenschaften und krankhaften St\u00f6rungen schwierig sein kann.<\/p>\n\n\n\n<h3 class=\"wp-block-heading\">Posttraumatische Belastungsst\u00f6rung (PTBS)<\/h3>\n\n\n\n<p>Die PTBS entwickelt sich nach traumatischen Erlebnissen und kann zu anhaltenden, schwerwiegenden Beeintr\u00e4chtigungen f\u00fchren. Typische Symptome umfassen:<\/p>\n\n\n\n<p><strong>Wiedererlebens-Symptome:<\/strong> Flashbacks, Albtr\u00e4ume und intrusive Erinnerungen k\u00f6nnen den Alltag erheblich beeintr\u00e4chtigen und zu Konzentrationsproblemen f\u00fchren.<\/p>\n\n\n\n<p><strong>Vermeidungsverhalten:<\/strong> Das Meiden von Situationen, die an das Trauma erinnern, kann die Bewegungsfreiheit und berufliche M\u00f6glichkeiten stark einschr\u00e4nken..<\/p>\n\n\n\n<p><strong>Negative Ver\u00e4nderungen in Kognition und Stimmung:<\/strong> Ged\u00e4chtnisprobleme, negative Gedanken \u00fcber sich selbst und andere sowie emotionale Taubheit k\u00f6nnen die sozialen Beziehungen belasten.<\/p>\n\n\n\n<div style=\"display: flex; justify-content: center;\">\n    <button type=\"button\" class=\"custom-cta-button\" onclick=\"openFloatingChat()\">Hier Online-Anfrage stellen<\/button>\n<\/div>\n\n\n\n<h2 class=\"wp-block-heading\">Der Antragstellungsprozess bei psychischen Erkrankungen<\/h2>\n\n\n\n<h3 class=\"wp-block-heading\">Vorbereitung der Antragstellung<\/h3>\n\n\n\n<p>Eine sorgf\u00e4ltige Vorbereitung ist bei psychischen Erkrankungen besonders wichtig, da die Beeintr\u00e4chtigungen oft nicht auf den ersten Blick erkennbar sind. Folgende Aspekte sollten beachtet werden:<\/p>\n\n\n\n<p><strong>Medizinische Dokumentation:<\/strong> Sammeln Sie alle relevanten medizinischen Unterlagen der letzten Jahre. Dazu geh\u00f6ren Arztbriefe, Therapieberichte, Klinikentlassungsberichte und Medikamentenlisten. Je vollst\u00e4ndiger die Dokumentation, desto besser kann das Versorgungsamt die Auswirkungen der Erkrankung einsch\u00e4tzen.<\/p>\n\n\n\n<p><strong>Fach\u00e4rztliche Stellungnahmen:<\/strong> Lassen Sie sich von Ihren behandelnden Fach\u00e4rzten detaillierte Stellungnahmen ausstellen, die nicht nur die Diagnose, sondern auch die konkreten Auswirkungen auf Ihre Lebensbereiche beschreiben.<\/p>\n\n\n\n<p><strong>Beschreibung der Alltagsbeeintr\u00e4chtigungen:<\/strong> F\u00fchren Sie \u00fcber einen l\u00e4ngeren Zeitraum ein Symptom-Tagebuch, in dem Sie dokumentieren, wie sich die Erkrankung auf Ihren Alltag auswirkt. Dies kann sp\u00e4ter als zus\u00e4tzliche Argumentationshilfe dienen.<\/p>\n\n\n\n<h3 class=\"wp-block-heading\">Ausf\u00fcllen des Antrags<\/h3>\n\n\n\n<p>Der Antrag auf Feststellung einer Behinderung sollte sorgf\u00e4ltig und vollst\u00e4ndig ausgef\u00fcllt werden. Bei psychischen Erkrankungen ist es besonders wichtig, nicht nur die Diagnose anzugeben, sondern auch die konkreten Auswirkungen zu beschreiben.<\/p>\n\n\n\n<p>Beschreiben Sie detailliert, wie sich die Erkrankung auf verschiedene Lebensbereiche auswirkt. Gehen Sie dabei auf berufliche Einschr\u00e4nkungen, Probleme im sozialen Umfeld und Beeintr\u00e4chtigungen bei der Bew\u00e4ltigung des Alltags ein.<\/p>\n\n\n\n<p>Vergessen Sie nicht, auch Begleiterkrankungen anzugeben, die h\u00e4ufig mit psychischen Leiden einhergehen, wie Schlafst\u00f6rungen, Kopfschmerzen oder Magen-Darm-Beschwerden.<\/p>\n\n\n\n<h3 class=\"wp-block-heading\">Das Begutachtungsverfahren<\/h3>\n\n\n\n<p>Nach Eingang des Antrags wird das Versorgungsamt die eingereichten Unterlagen pr\u00fcfen und in der Regel eine gutachterliche Stellungnahme einholen.&nbsp;<\/p>\n\n\n\n<p>Nur in manchen F\u00e4llen wird eine pers\u00f6nliche Untersuchung angeordnet. Bereiten Sie sich darauf vor, indem Sie sich Gedanken \u00fcber Ihre aktuellen Beschwerden und deren Auswirkungen machen. Seien Sie ehrlich und \u00fcbertreiben Sie nicht, aber verharmlosen Sie Ihre Situation auch nicht.<\/p>\n\n\n\n<h2 class=\"wp-block-heading\">Praktische Tipps f\u00fcr Betroffene<\/h2>\n\n\n\n<h3 class=\"wp-block-heading\">Dokumentation ist entscheidend<\/h3>\n\n\n\n<p>Eine l\u00fcckenlose Dokumentation Ihrer psychischen Erkrankung ist der Schl\u00fcssel f\u00fcr eine erfolgreiche GdB-Anerkennung. Sammeln Sie systematisch alle medizinischen Unterlagen und f\u00fchren Sie ein detailliertes Symptom-Tagebuch.<\/p>\n\n\n\n<p><strong>\u00c4rztliche Unterlagen:<\/strong> Bewahren Sie alle Arztbriefe, Therapieberichte, Medikamentenpl\u00e4ne und Klinikberichte auf. Auch Arbeitsunf\u00e4higkeitsbescheinigungen k\u00f6nnen wichtige Hinweise auf die Schwere der Erkrankung geben.<\/p>\n\n\n\n<p><strong>Alltagsdokumentation:<\/strong> F\u00fchren Sie regelm\u00e4\u00dfig Aufzeichnungen dar\u00fcber, wie sich Ihre Erkrankung auf den Alltag auswirkt. Notieren Sie konkrete Beispiele f\u00fcr Beeintr\u00e4chtigungen bei der Arbeit, im sozialen Umfeld oder bei allt\u00e4glichen Verrichtungen.<\/p>\n\n\n\n<p><strong>Behandlungsdokumentation:<\/strong> Dokumentieren Sie alle Behandlungsversuche und deren Erfolg oder Misserfolg. Dies zeigt dem Versorgungsamt, dass Sie aktiv an Ihrer Genesung arbeiten, aber dennoch anhaltende Beeintr\u00e4chtigungen bestehen.<\/p>\n\n\n\n<h3 class=\"wp-block-heading\">Die richtige Arztwahl<\/h3>\n\n\n\n<p>W\u00e4hlen Sie Ihre behandelnden \u00c4rzte sorgf\u00e4ltig aus. Fach\u00e4rzte f\u00fcr Psychiatrie und Psychotherapie haben oft mehr Erfahrung mit GdB-Verfahren als Haus\u00e4rzte und k\u00f6nnen fundiertere Stellungnahmen abgeben.<\/p>\n\n\n\n<p>Bauen Sie eine vertrauensvolle Beziehung zu Ihren Behandlern auf und sprechen Sie offen \u00fcber alle Beschwerden. Nur wenn Ihre \u00c4rzte das vollst\u00e4ndige Bild Ihrer Erkrankung kennen, k\u00f6nnen Sie angemessene Stellungnahmen f\u00fcr das Versorgungsamt verfassen.<\/p>\n\n\n\n<h3 class=\"wp-block-heading\">Umgang mit dem Versorgungsamt<\/h3>\n\n\n\n<p>Seien Sie bei allen Kontakten mit dem Versorgungsamt ehrlich und pr\u00e4zise. \u00dcbertreiben Sie Ihre Beschwerden nicht, aber verharmlosen Sie sie auch nicht. Konzentrieren Sie sich auf die tats\u00e4chlichen Auswirkungen der Erkrankung auf Ihr Leben.<\/p>\n\n\n\n<p>Falls das Versorgungsamt zus\u00e4tzliche Informationen anfordert, antworten Sie zeitnah und vollst\u00e4ndig. Verz\u00f6gerungen k\u00f6nnen das Verfahren unn\u00f6tig verl\u00e4ngern.<\/p>\n\n\n\n<h3 class=\"wp-block-heading\">Vorbereitung auf die Begutachtung<\/h3>\n\n\n\n<p>Falls eine pers\u00f6nliche Begutachtung angeordnet wird, bereiten Sie sich sorgf\u00e4ltig vor. \u00dcberlegen Sie sich im Vorfeld, welche Beschwerden Sie haben und wie diese sich auf verschiedene Lebensbereiche auswirken.<\/p>\n\n\n\n<p>Bringen Sie alle relevanten Unterlagen zur Begutachtung mit und seien Sie bereit, konkrete Beispiele f\u00fcr Ihre Beeintr\u00e4chtigungen zu nennen. Der Gutachter kann Ihre Situation nur richtig einsch\u00e4tzen, wenn Sie ihm ein vollst\u00e4ndiges Bild vermitteln.<\/p>\n\n\n\n<h3 class=\"wp-block-heading\">Umgang mit ablehnenden Bescheiden<\/h3>\n\n\n\n<p>Lassen Sie sich von einem ablehnenden Bescheid nicht entmutigen. Bei psychischen Erkrankungen werden Antr\u00e4ge h\u00e4ufig zun\u00e4chst abgelehnt oder mit einem zu niedrigen GdB bewertet. Dies liegt oft daran, dass die Auswirkungen der Erkrankung nicht vollst\u00e4ndig erfasst wurden.<\/p>\n\n\n\n<p>Pr\u00fcfen Sie den Bescheid sorgf\u00e4ltig und legen Sie bei Bedarf fristgerecht Widerspruch ein. Im Widerspruchsverfahren haben Sie die M\u00f6glichkeit, zus\u00e4tzliche Unterlagen nachzureichen und Ihre Situation noch detaillierter darzustellen.<\/p>\n\n\n\n<div style=\"display: flex; justify-content: center;\">\n    <button type=\"button\" class=\"custom-cta-button\" onclick=\"openFloatingChat()\">Hier Online-Anfrage stellen<\/button>\n<\/div>\n\n\n\n<h2 class=\"wp-block-heading\">Checkliste f\u00fcr die GdB-Antragstellung bei psychischen Erkrankungen<\/h2>\n\n\n\n<h3 class=\"wp-block-heading\">Vor der Antragstellung<\/h3>\n\n\n\n<p><strong>Medizinische Unterlagen sammeln<\/strong><\/p>\n\n\n\n<ul class=\"wp-block-list\">\n<li>Alle Arztbriefe der letzten 3-5 Jahre<\/li>\n\n\n\n<li>Therapieberichte und Behandlungsdokumentationen<\/li>\n\n\n\n<li>Medikamentenlisten und Nebenwirkungsberichte<\/li>\n\n\n\n<li>Klinikberichte und Entlassungsbriefe<\/li>\n\n\n\n<li>Arbeitsunf\u00e4higkeitsbescheinigungen<\/li>\n<\/ul>\n\n\n\n<p><strong> Fach\u00e4rztliche Stellungnahmen einholen<\/strong><\/p>\n\n\n\n<ul class=\"wp-block-list\">\n<li>Detaillierte Beschreibung der Diagnose<\/li>\n\n\n\n<li>Konkrete Auswirkungen auf den Alltag<\/li>\n\n\n\n<li>Prognose und Behandlungsm\u00f6glichkeiten<\/li>\n\n\n\n<li>Funktionseinschr\u00e4nkungen in verschiedenen Bereichen<\/li>\n<\/ul>\n\n\n\n<p><strong>Eigene Dokumentation erstellen<\/strong><\/p>\n\n\n\n<ul class=\"wp-block-list\">\n<li>Symptom-Tagebuch \u00fcber mehrere Wochen<\/li>\n\n\n\n<li>Beschreibung allt\u00e4glicher Beeintr\u00e4chtigungen<\/li>\n\n\n\n<li>Auswirkungen auf Beruf und soziales Umfeld<\/li>\n\n\n\n<li>Bisherige Behandlungsversuche und deren Erfolg<\/li>\n<\/ul>\n\n\n\n<h3 class=\"wp-block-heading\">Bei der Antragstellung<\/h3>\n\n\n\n<p><strong>Antragsformular vollst\u00e4ndig ausf\u00fcllen<\/strong><\/p>\n\n\n\n<ul class=\"wp-block-list\">\n<li>Alle Diagnosen angeben (auch Begleiterkrankungen)<\/li>\n\n\n\n<li>Konkrete Auswirkungen beschreiben<\/li>\n\n\n\n<li>Behandelnde \u00c4rzte vollst\u00e4ndig benennen<\/li>\n\n\n\n<li>Einverst\u00e4ndnis zur Akteneinsicht erteilen<\/li>\n<\/ul>\n\n\n\n<p><strong>Unterlagen beif\u00fcgen<\/strong><\/p>\n\n\n\n<ul class=\"wp-block-list\">\n<li>Kopien aller relevanten medizinischen Unterlagen<\/li>\n\n\n\n<li>Fach\u00e4rztliche Stellungnahmen<\/li>\n\n\n\n<li>Eigene Beschreibung der Beeintr\u00e4chtigungen<\/li>\n\n\n\n<li>Bei Bedarf: Stellungnahme des Arbeitgebers<\/li>\n<\/ul>\n\n\n\n<h3 class=\"wp-block-heading\">Nach der Antragstellung<\/h3>\n\n\n\n<p><strong>Verfahren verfolgen<\/strong><\/p>\n\n\n\n<ul class=\"wp-block-list\">\n<li>Eingangsbest\u00e4tigung abwarten<\/li>\n\n\n\n<li>Auf Anfragen des Versorgungsamts zeitnah antworten<\/li>\n\n\n\n<li>Bei l\u00e4ngerer Bearbeitungszeit nachfragen<\/li>\n\n\n\n<li>Aktenzeichen bei allen Kontakten angeben<\/li>\n<\/ul>\n\n\n\n<p><strong>Auf Begutachtung vorbereiten<\/strong><\/p>\n\n\n\n<ul class=\"wp-block-list\">\n<li>Termine wahrnehmen<\/li>\n\n\n\n<li>Aktuelle Beschwerden zusammenfassen<\/li>\n\n\n\n<li>Konkrete Beispiele f\u00fcr Beeintr\u00e4chtigungen bereithalten<\/li>\n\n\n\n<li>Ehrlich und pr\u00e4zise antworten<\/li>\n<\/ul>\n\n\n\n<p><strong>Bescheid pr\u00fcfen<\/strong><\/p>\n\n\n\n<ul class=\"wp-block-list\">\n<li>Begr\u00fcndung sorgf\u00e4ltig lesen<\/li>\n\n\n\n<li>Bei Ablehnung oder zu niedrigem GdB: Widerspruchsm\u00f6glichkeit pr\u00fcfen<\/li>\n\n\n\n<li>Frist f\u00fcr Widerspruch beachten (ein Monat)<\/li>\n\n\n\n<li>Bei Bedarf anwaltliche Beratung einholen<\/li>\n<\/ul>\n\n\n\n<h2 class=\"wp-block-heading\">Ihr Weg zur angemessenen Anerkennung<\/h2>\n\n\n\n<p>Die Anerkennung eines angemessenen Grades der Behinderung bei psychischen Erkrankungen ist Ihr gutes Recht. Psychische Leiden sind genauso ernst zu nehmen wie k\u00f6rperliche Beeintr\u00e4chtigungen und k\u00f6nnen erhebliche Auswirkungen auf alle Lebensbereiche haben.<\/p>\n\n\n\n<p>Der Schl\u00fcssel zum Erfolg liegt in einer sorgf\u00e4ltigen Vorbereitung und vollst\u00e4ndigen Dokumentation Ihrer Erkrankung und deren Auswirkungen. Scheuen Sie sich nicht davor, professionelle Hilfe in Anspruch zu nehmen, wenn Sie sich bei der Antragstellung oder im Widerspruchsverfahren unsicher f\u00fchlen.<\/p>\n\n\n\n<p>Ich stehe Ihnen mit meiner umfangreichen Erfahrung im Schwerbehindertenrecht zur Seite und setze mich mit gro\u00dfem Engagement daf\u00fcr ein, dass Sie die Anerkennung erhalten, die Ihnen zusteht. Gemeinsam gehen wir den Weg zu Ihrem Recht auf angemessene Unterst\u00fctzung.<\/p>\n\n\n\n<h2 class=\"wp-block-heading\">H\u00e4ufig gestellte Fragen<\/h2>\n\n\n\n<h3 class=\"wp-block-heading\">K\u00f6nnen auch leichtere psychische Erkrankungen einen GdB begr\u00fcnden?<\/h3>\n\n\n\n<p>Ja, auch leichtere psychische Erkrankungen k\u00f6nnen einen GdB begr\u00fcnden, wenn sie zu dauerhaften Beeintr\u00e4chtigungen f\u00fchren. Entscheidend sind nicht die Diagnose oder der Schweregrad der Erkrankung allein, sondern die tats\u00e4chlichen Auswirkungen auf Ihre Teilhabem\u00f6glichkeiten am gesellschaftlichen Leben.<\/p>\n\n\n\n<h3 class=\"wp-block-heading\">Wie lange dauert das Verfahren zur GdB-Feststellung?<\/h3>\n\n\n\n<p>Die Bearbeitungszeit variiert je nach Versorgungsamt und Komplexit\u00e4t des Falls. In der Regel sollten Sie mit einer Bearbeitungszeit von 3-6 Monaten rechnen. Bei psychischen Erkrankungen kann das Verfahren l\u00e4nger dauern, da oft zus\u00e4tzliche Gutachten erforderlich sind. Falls Ihr Antrag l\u00e4nger als 6 Monate unbearbeitet bleibt, k\u00f6nnen Sie beim Versorgungsamt nachfragen.<\/p>\n\n\n\n<h3 class=\"wp-block-heading\">Muss ich zur Begutachtung, wenn ich psychisch krank bin?<\/h3>\n\n\n\n<p>Eine pers\u00f6nliche Begutachtung ist nicht in jedem Fall erforderlich. Bei gut dokumentierten F\u00e4llen mit ausf\u00fchrlichen \u00e4rztlichen Stellungnahmen kann das Versorgungsamt auch aufgrund der Aktenlage entscheiden. Falls doch eine Begutachtung angeordnet wird, sollten Sie den Termin unbedingt wahrnehmen, da sonst der Antrag abgelehnt werden kann.<\/p>\n\n\n\n<h3 class=\"wp-block-heading\">Was kann ich tun, wenn mein GdB-Antrag abgelehnt wird?<\/h3>\n\n\n\n<p>Bei einer Ablehnung haben Sie die M\u00f6glichkeit, innerhalb eines Monats Widerspruch einzulegen. Im Widerspruchsverfahren k\u00f6nnen Sie zus\u00e4tzliche Unterlagen nachreichen und Ihre Situation noch detaillierter darstellen. Oft ist es sinnvoll, sich in dieser Phase anwaltliche Unterst\u00fctzung zu holen, da die Erfolgsaussichten im Widerspruchsverfahren bei sorgf\u00e4ltiger Vorbereitung gut sind.<\/p>\n\n\n\n<h3 class=\"wp-block-heading\">Welche Unterlagen sind bei psychischen Erkrankungen besonders wichtig?<\/h3>\n\n\n\n<p>Besonders wichtig sind ausf\u00fchrliche fach\u00e4rztliche Stellungnahmen von Psychiatern oder Psychotherapeuten, die nicht nur die Diagnose, sondern auch die konkreten Auswirkungen auf Ihren Alltag beschreiben. Therapieberichte, Medikamentenlisten und Dokumentationen \u00fcber Behandlungsverl\u00e4ufe sind ebenfalls wertvoll. Erg\u00e4nzen Sie diese durch eine eigene detaillierte Beschreibung Ihrer Beeintr\u00e4chtigungen.<\/p>\n\n\n\n<h3 class=\"wp-block-heading\">Kann ich auch bei einer Depression arbeiten und trotzdem einen GdB erhalten?<\/h3>\n\n\n\n<p>Ja, die Berufst\u00e4tigkeit schlie\u00dft einen GdB nicht aus. Viele Menschen mit psychischen Erkrankungen sind teilweise oder mit Einschr\u00e4nkungen arbeitsf\u00e4hig. Entscheidend ist, welche Beeintr\u00e4chtigungen bestehen und wie diese Ihre Teilhabe am gesellschaftlichen Leben beeintr\u00e4chtigen. Auch reduzierte Arbeitszeiten oder besondere Arbeitsplatzanpassungen k\u00f6nnen Hinweise auf relevante Funktionseinschr\u00e4nkungen sein.<\/p>\n\n\n\n<h3 class=\"wp-block-heading\">Wie wirkt sich eine Therapie auf die GdB-Bewertung aus?<\/h3>\n\n\n\n<p>Eine laufende Therapie spricht nicht gegen einen GdB &#8211; im Gegenteil. Sie zeigt, dass Sie aktiv an Ihrer Genesung arbeiten. Wichtig ist es zu dokumentieren, wenn trotz Behandlung anhaltende Beeintr\u00e4chtigungen bestehen. Therapieresistenz oder nur teilweise Besserung durch Behandlung k\u00f6nnen sogar f\u00fcr einen h\u00f6heren GdB sprechen.<\/p>\n\n\n\n<h3 class=\"wp-block-heading\">Werden auch Medikamentennebenwirkungen bei der GdB-Bewertung ber\u00fccksichtigt?<\/h3>\n\n\n\n<p>Ja, Nebenwirkungen von Medikamenten werden bei der Gesamtbewertung ber\u00fccksichtigt, wenn sie zu zus\u00e4tzlichen Funktionseinschr\u00e4nkungen f\u00fchren. Typische Nebenwirkungen psychotroper Medikamente wie M\u00fcdigkeit, Konzentrationsst\u00f6rungen oder Gewichtszunahme k\u00f6nnen die Beeintr\u00e4chtigungen verst\u00e4rken und flie\u00dfen in die Bewertung ein.<\/p>\n\n\n\n<h3 class=\"wp-block-heading\">Kann ich meinen GdB auch selbst beantragen oder brauche ich einen Anwalt?<\/h3>\n\n\n\n<p>Sie k\u00f6nnen Ihren GdB-Antrag grunds\u00e4tzlich selbst stellen. Bei psychischen Erkrankungen ist das Verfahren jedoch oft komplex, da die Auswirkungen sorgf\u00e4ltig dargestellt werden m\u00fcssen. Anwaltliche Unterst\u00fctzung kann besonders im Widerspruchsverfahren oder bei komplexen F\u00e4llen sinnvoll sein. Viele Mandanten wenden sich erst nach einer Ablehnung an mich &#8211; oft w\u00e4re eine fr\u00fchzeitige Beratung effizienter gewesen.<\/p>\n\n\n\n<div style=\"display: flex; justify-content: center;\">\n    <button type=\"button\" class=\"custom-cta-button\" onclick=\"openFloatingChat()\">Hier Online-Anfrage stellen<\/button>\n<\/div>\n\n\n\n<div style=\"height:40px\" aria-hidden=\"true\" class=\"wp-block-spacer\"><\/div>\n\n\n\n<h3 class=\"wp-block-heading\">5 weiterf\u00fchrende Links:<\/h3>\n\n\n\n<p><a href=\"https:\/\/www.ra-grotha.de\/wordpress\/sozialrecht\/alg-i-2\/#:~:text=Blog-,B%C3%BCrgergeld,-Sie%20beziehen%20B%C3%BCrgergeld\"><a href=\"https:\/\/www.ra-grotha.de\/wordpress\/sozialrecht\/alg-i-2\/#:~:text=Blog-,B%C3%BCrgergeld,-Sie%20beziehen%20B%C3%BCrgergeld\">B\u00fcrgergeld<\/a><\/a><\/p>\n\n\n\n<p><a href=\"https:\/\/www.ra-grotha.de\/wordpress\/sozialrecht\/krankenversicherung\/#:~:text=Blog-,Krankenversicherung,-Ein%20wichtiger%20Bestandteil\"><a href=\"https:\/\/www.ra-grotha.de\/wordpress\/sozialrecht\/krankenversicherung\/#:~:text=Blog-,Krankenversicherung,-Ein%20wichtiger%20Bestandteil\">Krankenversicherung<\/a><\/a><\/p>\n\n\n\n<p><a href=\"https:\/\/www.ra-grotha.de\/wordpress\/sozialrecht\/ablauf-eines-sozialrechtlichen-verfahrens\/#:~:text=Blog-,Ablauf%20eines%20sozialrechtlichen%20Verfahrens,-Das%20sozialrechtliche%20Verfahren\"><a href=\"https:\/\/www.ra-grotha.de\/wordpress\/sozialrecht\/ablauf-eines-sozialrechtlichen-verfahrens\/#:~:text=Blog-,Ablauf%20eines%20sozialrechtlichen%20Verfahrens,-Das%20sozialrechtliche%20Verfahren\">Ablauf eines sozialrechtlichen Verfahrens<\/a><\/a><\/p>\n\n\n\n<p><a href=\"https:\/\/www.ra-grotha.de\/wordpress\/sozialrecht\/rentenrecht\/#:~:text=Blog-,Rentenversicherung,-Das%20Recht%20der\"><a href=\"https:\/\/www.ra-grotha.de\/wordpress\/sozialrecht\/rentenrecht\/#:~:text=Blog-,Rentenversicherung,-Das%20Recht%20der\">Rentenversicherung<\/a><\/a><\/p>\n\n\n\n<p><a href=\"https:\/\/www.ra-grotha.de\/wordpress\/sozialrecht\/arbeitsforderung\/#:~:text=Blog-,Arbeitsf%C3%B6rderung,-Ein%20wesentlicher%20Teil\"><a href=\"https:\/\/www.ra-grotha.de\/wordpress\/sozialrecht\/arbeitsforderung\/#:~:text=Blog-,Arbeitsf%C3%B6rderung,-Ein%20wesentlicher%20Teil\">Arbeitsf\u00f6rderung<\/a><\/a><\/p>\n\n\n\n<div style=\"height:40px\" aria-hidden=\"true\" class=\"wp-block-spacer\"><\/div>\n\n\n\n<div style=\"height:40px\" aria-hidden=\"true\" class=\"wp-block-spacer\"><\/div>\n<\/div>\n\n\n\n<p><\/p>\n","protected":false},"excerpt":{"rendered":"<p>Psychische Erkrankungen k\u00f6nnen den Alltag und die Teilhabe am Leben stark einschr\u00e4nken. Der Grad der Behinderung (GdB) wird nach funktionalen Auswirkungen bewertet. Eine sorgf\u00e4ltige Dokumentation, fach\u00e4rztliche Stellungnahmen und gezielte Antragstellung sind entscheidend, um die Anerkennung zu erhalten und angemessene Nachteilsausgleiche in Deutschland zu sichern.<\/p>\n","protected":false},"author":2,"featured_media":4058,"comment_status":"closed","ping_status":"open","sticky":false,"template":"","format":"standard","meta":{"footnotes":""},"categories":[37],"tags":[],"class_list":["post-4000","post","type-post","status-publish","format-standard","has-post-thumbnail","hentry","category-schwerbehindertenrecht"],"_links":{"self":[{"href":"https:\/\/www.ra-grotha.de\/wordpress\/wp-json\/wp\/v2\/posts\/4000","targetHints":{"allow":["GET"]}}],"collection":[{"href":"https:\/\/www.ra-grotha.de\/wordpress\/wp-json\/wp\/v2\/posts"}],"about":[{"href":"https:\/\/www.ra-grotha.de\/wordpress\/wp-json\/wp\/v2\/types\/post"}],"author":[{"embeddable":true,"href":"https:\/\/www.ra-grotha.de\/wordpress\/wp-json\/wp\/v2\/users\/2"}],"replies":[{"embeddable":true,"href":"https:\/\/www.ra-grotha.de\/wordpress\/wp-json\/wp\/v2\/comments?post=4000"}],"version-history":[{"count":9,"href":"https:\/\/www.ra-grotha.de\/wordpress\/wp-json\/wp\/v2\/posts\/4000\/revisions"}],"predecessor-version":[{"id":4060,"href":"https:\/\/www.ra-grotha.de\/wordpress\/wp-json\/wp\/v2\/posts\/4000\/revisions\/4060"}],"wp:featuredmedia":[{"embeddable":true,"href":"https:\/\/www.ra-grotha.de\/wordpress\/wp-json\/wp\/v2\/media\/4058"}],"wp:attachment":[{"href":"https:\/\/www.ra-grotha.de\/wordpress\/wp-json\/wp\/v2\/media?parent=4000"}],"wp:term":[{"taxonomy":"category","embeddable":true,"href":"https:\/\/www.ra-grotha.de\/wordpress\/wp-json\/wp\/v2\/categories?post=4000"},{"taxonomy":"post_tag","embeddable":true,"href":"https:\/\/www.ra-grotha.de\/wordpress\/wp-json\/wp\/v2\/tags?post=4000"}],"curies":[{"name":"wp","href":"https:\/\/api.w.org\/{rel}","templated":true}]}}