{"id":3725,"date":"2025-03-12T10:00:34","date_gmt":"2025-03-12T09:00:34","guid":{"rendered":"https:\/\/www.ra-grotha.de\/wordpress\/?p=3725"},"modified":"2025-03-27T12:36:07","modified_gmt":"2025-03-27T11:36:07","slug":"autismus-grad-der-behinderung","status":"publish","type":"post","link":"https:\/\/www.ra-grotha.de\/wordpress\/3725\/autismus-grad-der-behinderung\/","title":{"rendered":"Autismus Grad der Behinderung: Umfassende Rechtliche Durchsetzung Ihrer Anspr\u00fcche"},"content":{"rendered":"\n<div class=\"wp-block-group seo-content is-layout-constrained wp-block-group-is-layout-constrained\">\n<p>Leben mit Autismus bedeutet oft eine besondere Herausforderung, die nicht auf den ersten Blick sichtbar ist. Viele Betroffene und ihre Angeh\u00f6rigen stehen vor der komplexen Aufgabe, die individuellen Einschr\u00e4nkungen rechtlich korrekt feststellen und anerkennen zu lassen. Der Grad der Behinderung (GdB) spielt dabei eine zentrale Rolle &#8211; er ist der Schl\u00fcssel zu wichtigen Nachteilsausgleichen und Unterst\u00fctzungsleistungen.<\/p>\n\n\n\n<div style=\"display: flex; justify-content: center;\">\n    <button type=\"button\" class=\"custom-cta-button\" onclick=\"openFloatingChat()\">Hier Online-Anfrage stellen<\/button>\n<\/div>\n\n\n\n<div style=\"height:40px\" aria-hidden=\"true\" class=\"wp-block-spacer\"><\/div>\n\n\n\n<div class=\"wp-block-columns is-layout-flex wp-container-core-columns-is-layout-1 wp-block-columns-is-layout-flex\">\n<div class=\"wp-block-column seo-das-wichtigste has-white-color has-cyan-bluish-gray-background-color has-text-color has-background has-link-color wp-elements-0afd938d59c403f063100a99ac8490c5 is-layout-flow wp-block-column-is-layout-flow\">\n<h2 class=\"wp-block-heading has-white-color has-text-color has-link-color wp-elements-fb468946e7ecf4699799eca3e079f883\">Das Wichtigste im \u00dcberblick:<\/h2>\n\n\n\n<ul class=\"wp-block-list\">\n<li>Der Grad der Behinderung (GdB) bei Autismus kann erhebliche Auswirkungen auf Nachteilsausgleiche und Unterst\u00fctzungsleistungen haben<\/li>\n\n\n\n<li>Eine sorgf\u00e4ltige medizinische Dokumentation und rechtliche Begleitung sind entscheidend f\u00fcr eine korrekte Anerkennung<\/li>\n\n\n\n<li>Professionelle Unterst\u00fctzung kann die Chancen auf eine angemessene Einstufung deutlich verbessern<\/li>\n<\/ul>\n<\/div>\n<\/div>\n\n\n\n<div style=\"height:40px\" aria-hidden=\"true\" class=\"wp-block-spacer\"><\/div>\n\n\n\n<p>Leben mit Autismus bedeutet oft eine besondere Herausforderung, die nicht auf den ersten Blick sichtbar ist. Viele Betroffene und ihre Angeh\u00f6rigen stehen vor der komplexen Aufgabe, die individuellen Einschr\u00e4nkungen rechtlich korrekt feststellen und anerkennen zu lassen. Der Grad der Behinderung (GdB) spielt dabei eine zentrale Rolle &#8211; er ist der Schl\u00fcssel zu wichtigen Nachteilsausgleichen und Unterst\u00fctzungsleistungen.<\/p>\n\n\n\n<h2 class=\"wp-block-heading\">GdB bei Autismus: Individuelle Herausforderungen professionell bewerten<\/h2>\n\n\n\n<p>Die Bewertung des Grades der Behinderung bei Autismus stellt Betroffene und Beh\u00f6rden vor besondere Herausforderungen. Anders als bei sichtbaren k\u00f6rperlichen Behinderungen erfordern die komplexen Auswirkungen des Autismus-Spektrums eine differenzierte und aufmerksame Begutachtung.<\/p>\n\n\n\n<p>Autismus ist eine tiefgreifende Entwicklungsst\u00f6rung, die sich individuell sehr unterschiedlich \u00e4u\u00dfern kann. Die Bandbreite reicht von leichten Einschr\u00e4nkungen bis hin zu umfassenden Beeintr\u00e4chtigungen der Kommunikations- und Interaktionsf\u00e4higkeit. Diese Heterogenit\u00e4t macht eine standardisierte Bewertung besonders schwierig.<\/p>\n\n\n\n<p>Bei der GdB-Feststellung werden verschiedene Aspekte ber\u00fccksichtigt:<\/p>\n\n\n\n<ul class=\"wp-block-list\">\n<li><strong>Kommunikationsf\u00e4higkeit<\/strong>: Wie ausgepr\u00e4gt sind die Schwierigkeiten in der verbalen und nonverbalen Kommunikation?<\/li>\n\n\n\n<li><strong>Soziale Interaktion<\/strong>: Inwieweit beeintr\u00e4chtigt Autismus die F\u00e4higkeit, soziale Beziehungen zu gestalten und zu pflegen?<\/li>\n\n\n\n<li><strong>Alltagsbew\u00e4ltigung<\/strong>: Welche Einschr\u00e4nkungen ergeben sich bei der Bew\u00e4ltigung allt\u00e4glicher Aufgaben und im Berufsleben?<\/li>\n<\/ul>\n\n\n\n<p>Die Ber\u00fccksichtigung all dieser Faktoren erfordert eine umfassende und differenzierte Begutachtung. Jeder Mensch mit Autismus ist einzigartig, und diese Individualit\u00e4t muss bei der Feststellung des Grades der Behinderung sorgf\u00e4ltig und respektvoll ber\u00fccksichtigt werden. Dabei spielen nicht nur medizinische Gutachten eine Rolle, sondern auch Berichte von Therapeuten, P\u00e4dagogen und Bezugspersonen, die den Alltag und die spezifischen Herausforderungen des Betroffenen kennen. Ein ganzheitlicher Ansatz ist entscheidend, um die tats\u00e4chlichen Auswirkungen des Autismus auf die Teilhabe am gesellschaftlichen Leben realit\u00e4tsnah zu erfassen.<\/p>\n\n\n\n<h2 class=\"wp-block-heading\">Autismus und Grad der Behinderung: Rechtliche Bewertungskriterien pr\u00e4zise erkl\u00e4rt<\/h2>\n\n\n\n<p>Die Feststellung des Grades der Behinderung (GdB) bei Autismus ist ein komplexer Prozess, der pr\u00e4zise rechtliche und medizinische Bewertungskriterien erfordert. Grundlage bildet die Versorgungsmedizin-Verordnung, die eine differenzierte Betrachtung der individuellen Beeintr\u00e4chtigungen vorsieht. Diese Bewertung gilt einheitlich f\u00fcr Kinder, Jugendliche und Erwachsene.<\/p>\n\n\n\n<p>Die Einstufung des Grades der Behinderung bei Autismus ber\u00fccksichtigt verschiedene Funktionsbereiche:<\/p>\n\n\n\n<ul class=\"wp-block-list\">\n<li><strong>Kommunikationsf\u00e4higkeit<\/strong>: Wie stark sind die F\u00e4higkeiten zur verbalen und nonverbalen Kommunikation eingeschr\u00e4nkt? Bei erheblichen Beeintr\u00e4chtigungen der Sprachentwicklung oder der Verst\u00e4ndigung k\u00f6nnen h\u00f6here GdB-Werte geltend gemacht werden.<\/li>\n\n\n\n<li><strong>Soziale Interaktion<\/strong>: Inwieweit beeintr\u00e4chtigt Autismus die F\u00e4higkeit, soziale Beziehungen aufzubauen und zu gestalten? Massive Schwierigkeiten bei der Interpretation sozialer Signale oder im Aufbau zwischenmenschlicher Beziehungen k\u00f6nnen zu einer h\u00f6heren Bewertung f\u00fchren.<\/li>\n\n\n\n<li><strong>Verhaltensflexibilit\u00e4t<\/strong>: Wie stark sind stereotype Verhaltensmuster ausgepr\u00e4gt? Erhebliche Einschr\u00e4nkungen bei der Anpassung an ver\u00e4nderte Situationen oder intensive Ritualbed\u00fcrfnisse k\u00f6nnen den GdB beeinflussen.<\/li>\n\n\n\n<li><strong>Alltagsbew\u00e4ltigung<\/strong>: Welche konkreten Einschr\u00e4nkungen ergeben sich bei selbstst\u00e4ndigen T\u00e4tigkeiten? Die F\u00e4higkeit, Aufgaben des t\u00e4glichen Lebens selbstst\u00e4ndig zu bew\u00e4ltigen, ist ein entscheidendes Kriterium.<\/li>\n<\/ul>\n\n\n\n<p>Die m\u00f6glichen GdB-Werte bei Autismus staffeln sich wie folgt:<\/p>\n\n\n\n<ul class=\"wp-block-list\">\n<li><strong>Ohne soziale Anpassungsschwierigkeiten<\/strong>: GdB 10-20\n<ul class=\"wp-block-list\">\n<li>Weitgehend selbstst\u00e4ndige Alltagsbew\u00e4ltigung<\/li>\n\n\n\n<li>Minimale Einschr\u00e4nkungen in der Kommunikation<\/li>\n<\/ul>\n<\/li>\n\n\n\n<li><strong>Mit leichten sozialen Anpassungsschwierigkeiten<\/strong>: GdB 30-40\n<ul class=\"wp-block-list\">\n<li>Erkennbare Kommunikationseinschr\u00e4nkungen<\/li>\n\n\n\n<li>Unterst\u00fctzungsbedarf in einzelnen Alltagssituationen<\/li>\n<\/ul>\n<\/li>\n\n\n\n<li><strong>Mit mittleren sozialen Anpassungsschwierigkeiten<\/strong>: GdB 50-70\n<ul class=\"wp-block-list\">\n<li>Deutliche Beeintr\u00e4chtigungen der Kommunikation<\/li>\n\n\n\n<li>Regelm\u00e4\u00dfiger Unterst\u00fctzungsbedarf<\/li>\n<\/ul>\n<\/li>\n\n\n\n<li><strong>Mit schweren sozialen Anpassungsschwierigkeiten<\/strong>: GdB 80-100\n<ul class=\"wp-block-list\">\n<li>Massive Kommunikationsbarrieren<\/li>\n\n\n\n<li>St\u00e4ndiger Unterst\u00fctzungs- und Betreuungsbedarf<\/li>\n<\/ul>\n<\/li>\n<\/ul>\n\n\n\n<p>Wichtig: Die Bewertung erfolgt stets individuell und ber\u00fccksichtigt auch m\u00f6gliche Begleiterkrankungen wie beispielsweise depressive St\u00f6rungen. Der Gesamteinfluss auf die gesellschaftliche Teilhabe ist dabei ma\u00dfgeblich.<\/p>\n\n\n\n<div style=\"display: flex; justify-content: center;\">\n    <button type=\"button\" class=\"custom-cta-button\" onclick=\"openFloatingChat()\">Hier Online-Anfrage stellen<\/button>\n<\/div>\n\n\n\n<h2 class=\"wp-block-heading\">Autismus GdB-Feststellung: Erfolgsstrategie durch l\u00fcckenlose Dokumentation<\/h2>\n\n\n\n<p>Eine erfolgreiche Grad der Behinderung-Feststellung bei Autismus basiert auf einer umfassenden und pr\u00e4zisen medizinischen Dokumentation. Die Qualit\u00e4t und Vollst\u00e4ndigkeit der eingereichten Unterlagen entscheidet ma\u00dfgeblich \u00fcber die Chancen einer angemessenen Einstufung.<\/p>\n\n\n\n<p>Folgende Dokumente sind f\u00fcr eine erfolgreiche Antragstellung unerl\u00e4sslich:<\/p>\n\n\n\n<ul class=\"wp-block-list\">\n<li><strong>Fach\u00e4rztliche Diagnoseberichte<\/strong>: Neurologische und psychiatrische Gutachten, die den Autismus umfassend beschreiben, sind fundamentale Grundlagen. Diese sollten nicht nur die Diagnose, sondern auch die konkreten Auswirkungen auf die Funktionsf\u00e4higkeit detailliert erfassen.<\/li>\n\n\n\n<li><strong>Entwicklungspsychologische Gutachten<\/strong>: Berichte von Psychologen oder Therapeuten, die die individuellen Entwicklungsbesonderheiten und Einschr\u00e4nkungen dokumentieren, liefern wichtige Zusatzinformationen.<\/li>\n\n\n\n<li><strong>Schulische und berufliche Stellungnahmen<\/strong>: Bescheinigungen von Schulen, Ausbildungseinrichtungen oder Arbeitgebern k\u00f6nnen die Alltagsauswirkungen des Autismus konkret belegen.<\/li>\n\n\n\n<li><strong>Therapieberichte<\/strong>: Dokumentationen von Ergotherapie, Logop\u00e4die oder Verhaltenstherapie geben Einblicke in die therapeutischen Herausforderungen und Fortschritte.<\/li>\n<\/ul>\n\n\n\n<p>Die Zusammenstellung dieser Unterlagen erfordert Sorgfalt und Systematik. Jedes Dokument sollte nicht nur die Diagnose, sondern die individuellen Herausforderungen und Einschr\u00e4nkungen detailliert abbilden. Eine l\u00fcckenlose, gut strukturierte Dokumentation erh\u00f6ht die Chancen auf eine faire und realit\u00e4tsnahe Bewertung des Grades der Behinderung bei Autismus erheblich.<\/p>\n\n\n\n<h2 class=\"wp-block-heading\">Widerspruchsverfahren: Chancen bei unzureichender GdB-Feststellung<\/h2>\n\n\n\n<p>Ein zu niedrig festgesetzter Grad der Behinderung (GdB) bei Autismus bedeutet nicht das Ende aller Bem\u00fchungen. Das Widerspruchsverfahren bietet eine wichtige M\u00f6glichkeit, eine gerechtere Bewertung zu erreichen.<\/p>\n\n\n\n<p>Wichtige Aspekte des Widerspruchsverfahrens:<\/p>\n\n\n\n<ul class=\"wp-block-list\">\n<li><strong>Frist beachten<\/strong>: Nach Erhalt des Bescheids besteht nur ein einmonatiger Zeitraum f\u00fcr den Widerspruch. Eine rechtzeitige und sorgf\u00e4ltige Vorbereitung ist entscheidend.<\/li>\n\n\n\n<li><strong>Begr\u00fcndung dokumentieren<\/strong>: Der Widerspruch muss pr\u00e4zise die Gr\u00fcnde darlegen, warum die bisherige Einstufung den tats\u00e4chlichen Beeintr\u00e4chtigungen nicht gerecht wird.<\/li>\n\n\n\n<li><strong>Neue Gutachten<\/strong>: Erg\u00e4nzende medizinische Stellungnahmen k\u00f6nnen wichtige zus\u00e4tzliche Argumente liefern und die Chancen auf Erfolg erh\u00f6hen.<\/li>\n\n\n\n<li><strong>Rechtliche Unterst\u00fctzung<\/strong>: Ein auf Sozialrecht spezialisierter Rechtsbeistand kann den Widerspruchsprozess professionell begleiten und die Erfolgsaussichten deutlich verbessern.<\/li>\n<\/ul>\n\n\n\n<p>Das Widerspruchsverfahren ist mehr als nur eine formale H\u00fcrde. Es bietet die Chance, individuelle Besonderheiten und Herausforderungen bei Autismus umfassend darzustellen und eine gerechtere Bewertung zu erreichen.<\/p>\n\n\n\n<div style=\"display: flex; justify-content: center;\">\n    <button type=\"button\" class=\"custom-cta-button\" onclick=\"openFloatingChat()\">Hier Online-Anfrage stellen<\/button>\n<\/div>\n\n\n\n<h2 class=\"wp-block-heading\">Ihr Weg zur Anerkennung &#8211; Autismus und Grad der Behinderung<\/h2>\n\n\n\n<p>Der Weg zur rechtlichen Anerkennung des Grades der Behinderung bei Autismus ist komplex, aber nicht unm\u00f6glich. Jeder Schritt, den Sie unternehmen, ist ein Schritt in Richtung Selbstbestimmung und Unterst\u00fctzung.<\/p>\n\n\n\n<p>Die Herausforderungen m\u00f6gen zun\u00e4chst \u00fcberw\u00e4ltigend erscheinen &#8211; unvollst\u00e4ndige Dokumentationen, b\u00fcrokratische H\u00fcrden und die Komplexit\u00e4t der Begutachtung. Doch mit der richtigen Vorbereitung, Ausdauer und professioneller Unterst\u00fctzung k\u00f6nnen Sie Ihre Rechte wirksam durchsetzen.<\/p>\n\n\n\n<p>Z\u00f6gern Sie nicht, Ihre individuellen Bed\u00fcrfnisse zu kommunizieren. Jede eingereichte Stellungnahme, jedes Gutachten ist ein Mosaikstein, der Ihr umfassendes Bild vervollst\u00e4ndigt. Scheuen Sie sich nicht, Hilfe in Anspruch zu nehmen und Ihre Situation detailliert zu dokumentieren.<\/p>\n\n\n\n<p>Der Grad der Behinderung bei Autismus ist mehr als nur eine Zahl &#8211; er ist ein Schl\u00fcssel zu Teilhabe, Verst\u00e4ndnis und Unterst\u00fctzung. Lassen Sie sich nicht entmutigen, sondern gehen Sie diesen Weg selbstbewusst und gut vorbereitet.<\/p>\n\n\n\n<p><\/p>\n\n\n\n<h2 class=\"wp-block-heading\">H\u00e4ufig gestellte Fragen<\/h2>\n\n\n\n<h3 class=\"wp-block-heading\">Wie wird der GdB bei Autismus ermittelt?<\/h3>\n\n\n\n<p>Die Ermittlung erfolgt anhand der Versorgungsmedizinischen Grunds\u00e4tze unter besonderer Ber\u00fccksichtigung der sozialen Anpassungsschwierigkeiten. Dabei werden die Kommunikationsf\u00e4higkeit, soziale Interaktion, Verhaltensflexibilit\u00e4t und Alltagsbew\u00e4ltigung individuell bewertet. Die Gesamtbeurteilung basiert auf \u00e4rztlichen Gutachten und weiteren Nachweisen \u00fcber die Beeintr\u00e4chtigungen im Alltag.<\/p>\n\n\n\n<h3 class=\"wp-block-heading\">Ab welchem GdB gilt man als schwerbehindert?<\/h3>\n\n\n\n<p>Ab einem GdB von 50 liegt eine Schwerbehinderung vor. Dies erm\u00f6glicht den Erhalt eines Schwerbehindertenausweises und damit verbundene Nachteilsausgleiche. Bei Autismus ist diese Einstufung h\u00e4ufig bei mittleren bis schweren sozialen Anpassungsschwierigkeiten gegeben.<\/p>\n\n\n\n<h3 class=\"wp-block-heading\">Welche Unterlagen werden f\u00fcr die GdB-Feststellung ben\u00f6tigt?<\/h3>\n\n\n\n<p>Erforderlich sind aktuelle fach\u00e4rztliche Gutachten (Neurologen\/Psychiater), Entwicklungsberichte, Therapiedokumentationen und Stellungnahmen von Betreuungseinrichtungen. Wichtig sind auch Nachweise \u00fcber Alltagseinschr\u00e4nkungen und eventuelle Begleiterkrankungen.<\/p>\n\n\n\n<h3 class=\"wp-block-heading\">Wie lange dauert das Feststellungsverfahren?<\/h3>\n\n\n\n<p>Die Bearbeitungszeit betr\u00e4gt durchschnittlich 3-6 Monate. Die Dauer h\u00e4ngt von der Vollst\u00e4ndigkeit der eingereichten Unterlagen und der eventuellen Notwendigkeit weiterer Gutachten ab.<\/p>\n\n\n\n<h3 class=\"wp-block-heading\">Kann ein bereits festgestellter GdB sp\u00e4ter erh\u00f6ht werden?<\/h3>\n\n\n\n<p>Ja, bei nachweislicher Verschlechterung der Beeintr\u00e4chtigungen ist eine Erh\u00f6hung m\u00f6glich. Ein entsprechender \u00c4nderungsantrag muss mit aktuellen medizinischen Nachweisen gestellt werden.<\/p>\n\n\n\n<h3 class=\"wp-block-heading\">Welche Bedeutung haben Begleiterkrankungen?<\/h3>\n\n\n\n<p>Begleiterkrankungen wie Depressionen oder Angstst\u00f6rungen werden bei der GdB-Feststellung ber\u00fccksichtigt. Sie k\u00f6nnen zu einer h\u00f6heren Gesamtbewertung f\u00fchren, wenn sie die Teilhabe zus\u00e4tzlich einschr\u00e4nken.<\/p>\n\n\n\n<h3 class=\"wp-block-heading\">Was tun bei Ablehnung oder zu niedriger Einstufung?<\/h3>\n\n\n\n<p>Innerhalb eines Monats nach Bescheidzustellung kann Widerspruch eingelegt werden. Dieser sollte gut begr\u00fcndet und mit erg\u00e4nzenden Nachweisen versehen sein.<\/p>\n\n\n\n<h3 class=\"wp-block-heading\">Gelten f\u00fcr Kinder mit Autismus besondere Regelungen?<\/h3>\n\n\n\n<p>Die Bewertungskriterien sind grunds\u00e4tzlich f\u00fcr alle Altersgruppen gleich. Bei Kindern wird jedoch besonders auf entwicklungsbedingte Einschr\u00e4nkungen und den erh\u00f6hten Betreuungsbedarf geachtet.<\/p>\n\n\n\n<h3 class=\"wp-block-heading\">Welche Vorteile bringt die GdB-Feststellung?<\/h3>\n\n\n\n<p>Je nach H\u00f6he des GdB k\u00f6nnen verschiedene Nachteilsausgleiche in Anspruch genommen werden, wie Steuererleichterungen, besonderer K\u00fcndigungsschutz oder Zusatzurlaub im Berufsleben.<\/p>\n\n\n\n<h3 class=\"wp-block-heading\">Ist anwaltliche Unterst\u00fctzung beim GdB-Antrag sinnvoll?<\/h3>\n\n\n\n<p>Rechtliche Unterst\u00fctzung kann besonders bei komplexen F\u00e4llen oder im Widerspruchsverfahren hilfreich sein. Ein im Sozialrecht erfahrener Rechtsbeistand kann die Erfolgsaussichten durch fundierte Argumentation und vollst\u00e4ndige Dokumentation erh\u00f6hen<\/p>\n\n\n\n<div style=\"display: flex; justify-content: center;\">\n    <button type=\"button\" class=\"custom-cta-button\" onclick=\"openFloatingChat()\">Hier Online-Anfrage stellen<\/button>\n<\/div>\n\n\n\n<div style=\"height:40px\" aria-hidden=\"true\" class=\"wp-block-spacer\"><\/div>\n\n\n\n<h3 class=\"wp-block-heading\">5 weiterf\u00fchrende Links:<\/h3>\n\n\n\n<p><a href=\"https:\/\/www.ra-grotha.de\/wordpress\/3510\/einspruch-gegen-den-grad-der-behinderung\/\">Einspruch gegen den Grad der Behinderung (GdB) &#8211; Ihr Recht auf faire Anerkennung<\/a><\/p>\n\n\n\n<p><a href=\"https:\/\/www.ra-grotha.de\/wordpress\/3485\/unsichtbare-behinderung\/\">Unsichtbare Behinderung: Jetzt anerkennen lassen und rechtlich durchsetzen &#8211; Ihr Weg zum GdB<\/a><\/p>\n\n\n\n<p><a href=\"https:\/\/www.ra-grotha.de\/wordpress\/3663\/erhoehung-grad-der-behinderung-tipps\/\">Erh\u00f6hung des Grades der Behinderung (GdB): Tipps f\u00fcr eine erfolgreiche Antragstellung<\/a><\/p>\n\n\n\n<p><a href=\"https:\/\/www.ra-grotha.de\/wordpress\/3671\/grad-der-behinderung-asthma\/\">Grad der Behinderung bei Asthma: Anspr\u00fcche und rechtliche Unterst\u00fctzung<\/a><\/p>\n\n\n\n<p><a href=\"https:\/\/www.ra-grotha.de\/wordpress\/3619\/wann-bekomme-ich-erwerbsminderungsrente\/\">Wann bekomme ich Erwerbsminderungsrente?<\/a><\/p>\n\n\n\n<div style=\"height:40px\" aria-hidden=\"true\" class=\"wp-block-spacer\"><\/div>\n<\/div>\n\n\n\n<div style=\"height:40px\" aria-hidden=\"true\" class=\"wp-block-spacer\"><\/div>\n\n\n\n<p><\/p>\n","protected":false},"excerpt":{"rendered":"<p>Die Feststellung des Grades der Behinderung bei Autismus erfordert eine differenzierte Bewertung nach den Versorgungsmedizinischen Grunds\u00e4tzen. Entscheidend sind dabei die sozialen Anpassungsschwierigkeiten, die von leichten Einschr\u00e4nkungen bis zu schweren Beeintr\u00e4chtigungen reichen k\u00f6nnen. Eine sorgf\u00e4ltige Dokumentation der individuellen Funktionseinschr\u00e4nkungen und professionelle rechtliche Unterst\u00fctzung im Antragsverfahren sind zentral f\u00fcr eine angemessene GdB-Einstufung, die den Zugang zu wichtigen Nachteilsausgleichen er\u00f6ffnet.<\/p>\n","protected":false},"author":2,"featured_media":3770,"comment_status":"closed","ping_status":"closed","sticky":false,"template":"","format":"standard","meta":{"footnotes":""},"categories":[39],"tags":[],"class_list":["post-3725","post","type-post","status-publish","format-standard","has-post-thumbnail","hentry","category-sonstiges-sozialrecht"],"_links":{"self":[{"href":"https:\/\/www.ra-grotha.de\/wordpress\/wp-json\/wp\/v2\/posts\/3725","targetHints":{"allow":["GET"]}}],"collection":[{"href":"https:\/\/www.ra-grotha.de\/wordpress\/wp-json\/wp\/v2\/posts"}],"about":[{"href":"https:\/\/www.ra-grotha.de\/wordpress\/wp-json\/wp\/v2\/types\/post"}],"author":[{"embeddable":true,"href":"https:\/\/www.ra-grotha.de\/wordpress\/wp-json\/wp\/v2\/users\/2"}],"replies":[{"embeddable":true,"href":"https:\/\/www.ra-grotha.de\/wordpress\/wp-json\/wp\/v2\/comments?post=3725"}],"version-history":[{"count":3,"href":"https:\/\/www.ra-grotha.de\/wordpress\/wp-json\/wp\/v2\/posts\/3725\/revisions"}],"predecessor-version":[{"id":3771,"href":"https:\/\/www.ra-grotha.de\/wordpress\/wp-json\/wp\/v2\/posts\/3725\/revisions\/3771"}],"wp:featuredmedia":[{"embeddable":true,"href":"https:\/\/www.ra-grotha.de\/wordpress\/wp-json\/wp\/v2\/media\/3770"}],"wp:attachment":[{"href":"https:\/\/www.ra-grotha.de\/wordpress\/wp-json\/wp\/v2\/media?parent=3725"}],"wp:term":[{"taxonomy":"category","embeddable":true,"href":"https:\/\/www.ra-grotha.de\/wordpress\/wp-json\/wp\/v2\/categories?post=3725"},{"taxonomy":"post_tag","embeddable":true,"href":"https:\/\/www.ra-grotha.de\/wordpress\/wp-json\/wp\/v2\/tags?post=3725"}],"curies":[{"name":"wp","href":"https:\/\/api.w.org\/{rel}","templated":true}]}}