{"id":3535,"date":"2024-09-18T10:00:48","date_gmt":"2024-09-18T09:00:48","guid":{"rendered":"https:\/\/www.ra-grotha.de\/wordpress\/?p=3535"},"modified":"2025-02-13T10:33:08","modified_gmt":"2025-02-13T09:33:08","slug":"ab-wann-ist-man-arbeitsunfaehig","status":"publish","type":"post","link":"https:\/\/www.ra-grotha.de\/wordpress\/3535\/ab-wann-ist-man-arbeitsunfaehig\/","title":{"rendered":"Ab wann ist man arbeitsunf\u00e4hig? Sozialrechtliche Aspekte und Anspr\u00fcche"},"content":{"rendered":"\n<div class=\"wp-block-group seo-content is-layout-constrained wp-block-group-is-layout-constrained\">\n<p>Die Frage &#8218;Ab wann ist man arbeitsunf\u00e4hig?&#8216; ist im Sozialrecht von zentraler Bedeutung. Als <a href=\"https:\/\/www.ra-grotha.de\/wordpress\/\">Fachanwalt f\u00fcr Sozialrecht<\/a> kl\u00e4re ich Sie \u00fcber die rechtlichen Folgen und Ihre Anspr\u00fcche auf und begleite ich Sie kompetent durch die komplexen Zusammenh\u00e4nge der Arbeitsunf\u00e4higkeit im Sozialrecht. Meine Expertise hilft Ihnen zu verstehen, ab wann man arbeitsunf\u00e4hig ist und welche Anspr\u00fcche sich daraus ergeben.<br><\/p>\n\n\n\n<div style=\"display: flex; justify-content: center;\">\r\n    <button type=\"button\" class=\"custom-cta-button\" onclick=\"openFloatingChat()\">Hier Online-Anfrage stellen<\/button>\r\n<\/div>\n\n\n\n<div style=\"height:40px\" aria-hidden=\"true\" class=\"wp-block-spacer\"><\/div>\n\n\n\n<div class=\"wp-block-columns is-layout-flex wp-container-core-columns-is-layout-1 wp-block-columns-is-layout-flex\">\n<div class=\"wp-block-column seo-das-wichtigste has-white-color has-cyan-bluish-gray-background-color has-text-color has-background has-link-color wp-elements-cd09d3897204388e1c9ebeccdc7ee13e is-layout-flow wp-block-column-is-layout-flow\">\n<h2 class=\"wp-block-heading has-white-color has-text-color has-link-color wp-elements-fb468946e7ecf4699799eca3e079f883\">Das Wichtigste im \u00dcberblick:<\/h2>\n\n\n\n<ul class=\"wp-block-list\">\n<li>Arbeitsunf\u00e4higkeit im sozialrechtlichen Sinne liegt vor, wenn Sie aufgrund Ihres Gesundheitszustandes Ihre berufliche T\u00e4tigkeit nicht aus\u00fcben k\u00f6nnen.<\/li>\n\n\n\n<li>Die Feststellung der Arbeitsunf\u00e4higkeit hat weitreichende Konsequenzen f\u00fcr Ihre sozialrechtlichen Anspr\u00fcche, insbesondere hinsichtlich Krankengeldes und m\u00f6glicher Rehabilitationsma\u00dfnahmen.<\/li>\n\n\n\n<li>Bei l\u00e4ngerfristiger Arbeitsunf\u00e4higkeit k\u00f6nnen weitere Leistungen wie Erwerbsminderungsrente in Betracht kommen. Eine fr\u00fchzeitige fachkundige Beratung ist entscheidend, um Ihre Rechte optimal zu wahren.<\/li>\n<\/ul>\n<\/div>\n<\/div>\n\n\n\n<div style=\"height:40px\" aria-hidden=\"true\" class=\"wp-block-spacer\"><\/div>\n\n\n\n<div class=\"wp-block-group is-layout-constrained wp-block-group-is-layout-constrained\">\n<h2 class=\"wp-block-heading\">Was bedeutet Arbeitsunf\u00e4higkeit im sozialrechtlichen Kontext?<\/h2>\n\n\n\n<p>Im Sozialrecht spielt der Begriff der Arbeitsunf\u00e4higkeit eine zentrale Rolle. Anders als im Arbeitsrecht, wo es prim\u00e4r um das Verh\u00e4ltnis zwischen Arbeitnehmer und Arbeitgeber geht, fokussiert sich das Sozialrecht auf die Anspr\u00fcche gegen\u00fcber den Sozialversicherungstr\u00e4gern.<\/p>\n\n\n\n<p>Arbeitsunf\u00e4higkeit im sozialrechtlichen Sinne liegt vor, wenn Sie aufgrund Ihres Gesundheitszustandes Ihre zuletzt ausge\u00fcbte T\u00e4tigkeit nicht mehr oder nur unter der Gefahr einer Verschlimmerung Ihres Zustandes ausf\u00fchren k\u00f6nnen. Diese Definition findet sich sinngem\u00e4\u00df in \u00a7 44 SGB V wieder und ist ma\u00dfgeblich f\u00fcr den Anspruch auf Krankengeld.<\/p>\n\n\n\n<p><strong>Wichtig zu wissen<\/strong>:<\/p>\n\n\n\n<ul class=\"wp-block-list\">\n<li>Die Beurteilung der Arbeitsunf\u00e4higkeit erfolgt immer in Bezug auf Ihre konkrete berufliche T\u00e4tigkeit.<\/li>\n\n\n\n<li>Auch eine teilweise Einschr\u00e4nkung der Arbeitsf\u00e4higkeit kann als Arbeitsunf\u00e4higkeit gelten, wenn Sie Ihre bisherige T\u00e4tigkeit nicht mehr im vollen Umfang aus\u00fcben k\u00f6nnen.<\/li>\n\n\n\n<li>Die Feststellung der Arbeitsunf\u00e4higkeit erfolgt durch einen Arzt, kann aber von den Sozialversicherungstr\u00e4gern \u00fcberpr\u00fcft werden.<\/li>\n<\/ul>\n\n\n\n<h2 class=\"wp-block-heading\">Wie wird die Dauer der Arbeitsunf\u00e4higkeit festgestellt?<\/h2>\n\n\n\n<p>Die Dauer der Arbeitsunf\u00e4higkeit wird zun\u00e4chst vom behandelnden Arzt prognostiziert und auf der Arbeitsunf\u00e4higkeitsbescheinigung vermerkt. Im sozialrechtlichen Kontext ist diese \u00e4rztliche Einsch\u00e4tzung jedoch nicht immer bindend:<\/p>\n\n\n\n<ul class=\"wp-block-list\">\n<li>Die Krankenkasse kann den Medizinischen Dienst (MD) mit einer \u00dcberpr\u00fcfung der Arbeitsunf\u00e4higkeit beauftragen.<\/li>\n\n\n\n<li>Der MD kann eine pers\u00f6nliche Untersuchung durchf\u00fchren oder auf Basis der vorliegenden medizinischen Unterlagen entscheiden.<\/li>\n\n\n\n<li>Bei Unstimmigkeiten zwischen der Einsch\u00e4tzung des behandelnden Arztes und des MD kann ein sozialmedizinisches Gutachten erforderlich werden.<\/li>\n<\/ul>\n\n\n\n<p>Es ist wichtig zu wissen, dass Sie als Versicherter das Recht haben, einer Begutachtung durch den MD zu widersprechen. In solchen F\u00e4llen ist eine fachkundige rechtliche Beratung oft unerl\u00e4sslich, um Ihre Interessen zu wahren.<\/p>\n\n\n\n<div style=\"display: flex; justify-content: center;\">\r\n    <button type=\"button\" class=\"custom-cta-button\" onclick=\"openFloatingChat()\">Hier Online-Anfrage stellen<\/button>\r\n<\/div>\n\n\n\n<div style=\"height:40px\" aria-hidden=\"true\" class=\"wp-block-spacer\"><\/div>\n<\/div>\n\n\n\n<h2 class=\"wp-block-heading\">Welche sozialrechtlichen Anspr\u00fcche ergeben sich aus der Arbeitsunf\u00e4higkeit?<\/h2>\n\n\n\n<p>Die rechtliche Feststellung, ab wann man arbeitsunf\u00e4hig ist, hat weitreichende Konsequenzen f\u00fcr Ihre sozialrechtlichen Anspr\u00fcche, insbesondere hinsichtlich Krankengeld, Rehabilitationsma\u00dfnahmen und m\u00f6glicher Erwerbsminderungsrente. Prim\u00e4r ist sie ausschlaggebend f\u00fcr den Anspruch auf Krankengeld nach \u00a7 44 SGB V. Das Krankengeld wird in der Regel ab dem 43. Tag der Arbeitsunf\u00e4higkeit gezahlt, was der 7. Woche entspricht. Es kann aber auch fr\u00fcher beginnen, wenn der Anspruch auf Entgeltfortzahlung durch den Arbeitgeber k\u00fcrzer ist. Es betr\u00e4gt 70% des regelm\u00e4\u00dfigen beitragspflichtigen Bruttoarbeitsentgelts, aber nicht mehr als 90% des Nettoarbeitsentgelts.<\/p>\n\n\n\n<p>Bei l\u00e4ngerfristiger Arbeitsunf\u00e4higkeit kommen weitere sozialrechtliche Aspekte zum Tragen:<\/p>\n\n\n\n<ol class=\"wp-block-list\">\n<li><strong>Stufenweise<\/strong> <strong>Wiedereingliederung<\/strong>: Nach \u00a7 74 SGB V ist eine schrittweise R\u00fcckkehr in den Beruf m\u00f6glich, wobei der Arbeitnehmer weiterhin Krankengeld bezieht.<\/li>\n\n\n\n<li><strong>Aussteuerung aus dem Krankengeld<\/strong>: Der Anspruch auf Krankengeld ist auf 78 Wochen innerhalb von drei Jahren f\u00fcr dieselbe Krankheit begrenzt. Die Drei-Jahres-Frist beginnt mit dem ersten Tag der Arbeitsunf\u00e4higkeit.<\/li>\n\n\n\n<li><strong>Rehabilitationsma\u00dfnahmen<\/strong>: Gem\u00e4\u00df \u00a7 9 SGB VI k\u00f6nnen medizinische Rehabilitationsleistungen beansprucht werden, um die Erwerbsf\u00e4higkeit wiederherzustellen oder zu erhalten.<\/li>\n\n\n\n<li><strong>Erwerbsminderungsrente<\/strong>: Bei anhaltender Arbeitsunf\u00e4higkeit kann nach \u00a7 43 SGB VI eine teilweise oder volle Erwerbsminderungsrente in Betracht kommen, wenn die Erwerbsf\u00e4higkeit auf weniger als 6 bzw. 3 Stunden t\u00e4glich gesunken ist.<\/li>\n\n\n\n<li><strong>Schwerbehinderung<\/strong>: Langfristige Arbeitsunf\u00e4higkeit kann zur Anerkennung einer Schwerbehinderung nach \u00a7 2 SGB IX f\u00fchren, was diverse Nachteilsausgleiche mit sich bringt.<\/li>\n\n\n\n<li><strong>Arbeitslosengeld bei Arbeitsunf\u00e4higkeit<\/strong>: Nach \u00a7 145 SGB III besteht unter bestimmten Voraussetzungen ein Anspruch auf Arbeitslosengeld auch bei Arbeitsunf\u00e4higkeit.<\/li>\n\n\n\n<li><strong>Unfallversicherungsleistungen<\/strong>: Bei arbeitsbedingter Arbeitsunf\u00e4higkeit k\u00f6nnen Leistungen der gesetzlichen Unfallversicherung nach SGB VII in Frage kommen.<\/li>\n<\/ol>\n\n\n\n<p>Als Fachanwalt f\u00fcr Sozialrecht berate ich Sie umfassend zu diesen komplexen Zusammenh\u00e4ngen. Ich unterst\u00fctze Sie bei der Durchsetzung Ihrer Anspr\u00fcche gegen\u00fcber Krankenkassen (SGB V), Rentenversicherungstr\u00e4gern (SGB VI), Arbeitsagenturen (SGB III) und anderen Sozialleistungstr\u00e4gern. Dies umfasst die Pr\u00fcfung von Bescheiden, die Einlegung von Widerspr\u00fcchen und, falls n\u00f6tig, die Vertretung vor den Sozialgerichten.<\/p>\n\n\n\n<p>Gerade bei l\u00e4ngerfristiger Arbeitsunf\u00e4higkeit ist eine ganzheitliche sozialrechtliche Betrachtung essentiell, um alle Ihre Rechte und Anspr\u00fcche optimal zu wahren und durchzusetzen.<\/p>\n\n\n\n<div class=\"wp-block-group is-layout-constrained wp-block-group-is-layout-constrained\">\n<div style=\"display: flex; justify-content: center;\">\r\n    <button type=\"button\" class=\"custom-cta-button\" onclick=\"openFloatingChat()\">Hier Online-Anfrage stellen<\/button>\r\n<\/div>\n\n\n\n<div style=\"height:40px\" aria-hidden=\"true\" class=\"wp-block-spacer\"><\/div>\n<\/div>\n\n\n\n<h2 class=\"wp-block-heading\">Wie funktioniert die Wiedereingliederung nach l\u00e4ngerer Krankheit?<\/h2>\n\n\n\n<p>Nach einer l\u00e4ngeren Arbeitsunf\u00e4higkeit kann eine stufenweise Wiedereingliederung, auch bekannt als &#8222;Hamburger Modell&#8220;, sinnvoll sein. Hierbei nehmen Sie Ihre Arbeit schrittweise wieder auf, wobei Arbeitszeit und -umfang allm\u00e4hlich gesteigert werden.<\/p>\n\n\n\n<p>Die Wiedereingliederung:<\/p>\n\n\n\n<ul class=\"wp-block-list\">\n<li>Wird in der Regel vom behandelnden Arzt empfohlen<\/li>\n\n\n\n<li>Muss von Arbeitgeber, Arbeitnehmer und Krankenkasse vereinbart werden<\/li>\n\n\n\n<li>Dauert \u00fcblicherweise zwischen 6 Wochen und 6 Monaten<\/li>\n\n\n\n<li>Kann jederzeit angepasst oder abgebrochen werden, wenn sich Ihr Gesundheitszustand \u00e4ndert<\/li>\n<\/ul>\n\n\n\n<p>W\u00e4hrend der stufenweisen Wiedereingliederung besteht kein Anspruch auf Arbeitsentgelt, da Sie formal noch als arbeitsunf\u00e4hig gelten. Deshalb erhalten Sie in der Regel weiterhin Krankengeld von Ihrer Krankenkasse.<\/p>\n\n\n\n<h2 class=\"wp-block-heading\">Wie unterst\u00fctze ich Sie als Fachanwalt f\u00fcr Sozialrecht?<\/h2>\n\n\n\n<p>Als Ihr Fachanwalt f\u00fcr Sozialrecht bin ich Ihr kompetenter Ansprechpartner in allen Fragen rund um die sozialrechtlichen Aspekte der Arbeitsunf\u00e4higkeit. Meine Unterst\u00fctzung umfasst:<\/p>\n\n\n\n<ol class=\"wp-block-list\">\n<li><strong>Umfassende Beratung<\/strong>: Ich analysiere Ihre individuelle Situation und erl\u00e4utere Ihnen Ihre Rechte und Anspr\u00fcche.<\/li>\n\n\n\n<li><strong>Antragstellung<\/strong>: Ich unterst\u00fctze Sie bei der korrekten und vollst\u00e4ndigen Antragstellung f\u00fcr sozialrechtliche Leistungen wie Krankengeld oder Erwerbsminderungsrente.<\/li>\n\n\n\n<li><strong>Widerspruchsverfahren<\/strong>: Sollten Ihre Anspr\u00fcche abgelehnt werden, vertrete ich Ihre Interessen im Widerspruchsverfahren gegen\u00fcber den Sozialversicherungstr\u00e4gern.<\/li>\n\n\n\n<li><strong>Gerichtliche Vertretung<\/strong>: Wenn n\u00f6tig, setze ich Ihre Rechte vor den Sozialgerichten durch.<\/li>\n\n\n\n<li><strong>Verhandlungen mit Beh\u00f6rden<\/strong>: Ich kommuniziere in Ihrem Namen mit Krankenkassen, Rentenversicherungstr\u00e4gern und anderen relevanten Beh\u00f6rden.<\/li>\n\n\n\n<li><strong>Gutachtenpr\u00fcfung<\/strong>: Ich pr\u00fcfe sozialmedizinische Gutachten auf ihre Schl\u00fcssigkeit und Vollst\u00e4ndigkeit und fordere bei Bedarf erg\u00e4nzende Untersuchungen an.<\/li>\n<\/ol>\n\n\n\n<p>Mein Ziel ist es, Ihre sozialrechtlichen Anspr\u00fcche vollumf\u00e4nglich durchzusetzen und Ihnen in dieser oft schwierigen Situation bestm\u00f6glich beizustehen.<\/p>\n\n\n\n<div class=\"wp-block-group is-layout-constrained wp-block-group-is-layout-constrained\">\n<div style=\"display: flex; justify-content: center;\">\r\n    <button type=\"button\" class=\"custom-cta-button\" onclick=\"openFloatingChat()\">Hier Online-Anfrage stellen<\/button>\r\n<\/div>\n\n\n\n<div style=\"height:40px\" aria-hidden=\"true\" class=\"wp-block-spacer\"><\/div>\n<\/div>\n<\/div>\n\n\n\n<div class=\"wp-block-group seo-content is-layout-constrained wp-block-group-is-layout-constrained\">\n<h2 class=\"wp-block-heading\">H\u00e4ufig gestellte Fragen<\/h2>\n\n\n\n<div style=\"height:40px\" aria-hidden=\"true\" class=\"wp-block-spacer\"><\/div>\n\n\n\n<div class=\"wp-block-group is-layout-constrained wp-block-group-is-layout-constrained\">\n<h3 class=\"wp-block-heading\">Ab wann gilt man im Sozialrecht als arbeitsunf\u00e4hig?<\/h3>\n\n\n\n<p>Arbeitsunf\u00e4higkeit liegt vor, wenn Sie aufgrund Ihres Gesundheitszustandes Ihre zuletzt ausge\u00fcbte T\u00e4tigkeit nicht mehr oder nur unter der Gefahr einer Verschlimmerung aus\u00fcben k\u00f6nnen.<br><br><\/p>\n\n\n\n<h3 class=\"wp-block-heading\">Wie lange habe ich Anspruch auf Krankengeld?<\/h3>\n\n\n\n<p>Sie k\u00f6nnen f\u00fcr dieselbe Krankheit innerhalb von drei Jahren f\u00fcr maximal 78 Wochen Krankengeld beziehen.<br><br><\/p>\n\n\n\n<h3 class=\"wp-block-heading\">Was passiert, wenn mein Krankengeldanspruch ausl\u00e4uft?<\/h3>\n\n\n\n<p>Nach Aussch\u00f6pfung des Krankengeldes k\u00f6nnen Sie unter bestimmten Voraussetzungen Arbeitslosengeld bei Arbeitsunf\u00e4higkeit oder eine Erwerbsminderungsrente beantragen.<br><br><\/p>\n\n\n\n<h3 class=\"wp-block-heading\">Wie wirkt sich eine l\u00e4ngere Arbeitsunf\u00e4higkeit auf meinen Rentenanspruch aus?<\/h3>\n\n\n\n<p>W\u00e4hrend des Bezugs von Krankengeld werden Rentenbeitr\u00e4ge von der Krankenkasse gezahlt, sodass diese Zeit f\u00fcr Ihren Rentenanspruch ber\u00fccksichtigt wird.<br><br><\/p>\n\n\n\n<h3 class=\"wp-block-heading\">Was ist eine stufenweise Wiedereingliederung?<\/h3>\n\n\n\n<p>Die stufenweise Wiedereingliederung (auch &#8222;Hamburger Modell&#8220;) erm\u00f6glicht eine schrittweise R\u00fcckkehr in den Beruf, wobei Sie weiterhin Krankengeld beziehen.<br><br><\/p>\n\n\n\n<h3 class=\"wp-block-heading\">Wann habe ich Anspruch auf eine Erwerbsminderungsrente?<\/h3>\n\n\n\n<p>Eine Erwerbsminderungsrente kann in Betracht kommen, wenn Ihre Erwerbsf\u00e4higkeit aus gesundheitlichen Gr\u00fcnden auf weniger als 6 bzw. 3 Stunden t\u00e4glich gesunken ist.<br><br><\/p>\n\n\n\n<h3 class=\"wp-block-heading\">Was kann ich tun, wenn die Krankenkasse meine Arbeitsunf\u00e4higkeit anzweifelt?<\/h3>\n\n\n\n<p>Sie k\u00f6nnen einer Begutachtung durch den Medizinischen Dienst widersprechen. In diesem Fall ist es ratsam, sich rechtlichen Beistand zu suchen.<br><br><\/p>\n\n\n\n<h3 class=\"wp-block-heading\">Welche Rehabilitationsma\u00dfnahmen stehen mir bei l\u00e4ngerer Arbeitsunf\u00e4higkeit zu?<\/h3>\n\n\n\n<p>Je nach Ihrer individuellen Situation k\u00f6nnen medizinische, berufliche oder soziale Rehabilitationsma\u00dfnahmen in Frage kommen, um Ihre Erwerbsf\u00e4higkeit wiederherzustellen.<br><br><\/p>\n\n\n\n<h3 class=\"wp-block-heading\">Was bedeutet &#8222;Aussteuerung aus dem Krankengeld&#8220;?<\/h3>\n\n\n\n<p>Die Aussteuerung bezeichnet das Ende des Krankengeldbezugs nach 78 Wochen innerhalb von drei Jahren f\u00fcr dieselbe Krankheit.<br><br><\/p>\n\n\n\n<h3 class=\"wp-block-heading\">Wie kann ein Fachanwalt f\u00fcr Sozialrecht bei Fragen zur Arbeitsunf\u00e4higkeit unterst\u00fctzen?<\/h3>\n\n\n\n<p>Ein Fachanwalt f\u00fcr Sozialrecht kann Sie bei der Durchsetzung Ihrer Anspr\u00fcche gegen\u00fcber Sozialleistungstr\u00e4gern unterst\u00fctzen, Bescheide pr\u00fcfen, Widerspr\u00fcche einlegen und Sie vor dem Sozialgericht vertreten.<br><br><\/p>\n<\/div>\n\n\n\n<div style=\"height:40px\" aria-hidden=\"true\" class=\"wp-block-spacer\"><\/div>\n\n\n\n<h3 class=\"wp-block-heading\">5 weiterf\u00fchrende Links:<\/h3>\n\n\n\n<p><a href=\"https:\/\/www.ra-grotha.de\/wordpress\/3338\/was-bedeutet-pflegegrad-1\/\">Was bedeutet Pflegegrad 1?<\/a> <\/p>\n\n\n\n<p><a href=\"https:\/\/www.ra-grotha.de\/wordpress\/3343\/was-bedeutet-pflegegrad-2\/\">Was bedeutet Pflegegrad 2?<\/a> <\/p>\n\n\n\n<p><a href=\"https:\/\/www.ra-grotha.de\/wordpress\/3353\/was-bedeutet-pflegegrad-3\/\">Was bedeutet Pflegegrad 3?<\/a> <\/p>\n\n\n\n<p><a href=\"https:\/\/www.ra-grotha.de\/wordpress\/3289\/wie-hoch-ist-die-erwerbsminderungsrente\/\">Wie hoch ist die Erwerbsminderungsrente?<\/a> <\/p>\n\n\n\n<p>&nbsp;<a href=\"https:\/\/www.ra-grotha.de\/wordpress\/3275\/wie-wird-der-pflegegrad-bestimmt\/\">Wie wird der Pflegegrad bestimmt?<\/a> <\/p>\n\n\n\n<div style=\"height:40px\" aria-hidden=\"true\" class=\"wp-block-spacer\"><\/div>\n<\/div>\n\n\n\n<div style=\"height:40px\" aria-hidden=\"true\" class=\"wp-block-spacer\"><\/div>\n","protected":false},"excerpt":{"rendered":"<p>Die Frage &#8218;Ab wann ist man arbeitsunf\u00e4hig?&#8216; ist im Sozialrecht von zentraler Bedeutung. Als Fachanwalt f\u00fcr Sozialrecht kl\u00e4re ich Sie \u00fcber die rechtlichen Folgen und Ihre Anspr\u00fcche auf und begleite ich Sie kompetent durch die komplexen Zusammenh\u00e4nge der Arbeitsunf\u00e4higkeit im<\/p>\n","protected":false},"author":4,"featured_media":3586,"comment_status":"closed","ping_status":"closed","sticky":false,"template":"","format":"standard","meta":{"footnotes":""},"categories":[1],"tags":[],"class_list":["post-3535","post","type-post","status-publish","format-standard","has-post-thumbnail","hentry","category-allgemein"],"_links":{"self":[{"href":"https:\/\/www.ra-grotha.de\/wordpress\/wp-json\/wp\/v2\/posts\/3535","targetHints":{"allow":["GET"]}}],"collection":[{"href":"https:\/\/www.ra-grotha.de\/wordpress\/wp-json\/wp\/v2\/posts"}],"about":[{"href":"https:\/\/www.ra-grotha.de\/wordpress\/wp-json\/wp\/v2\/types\/post"}],"author":[{"embeddable":true,"href":"https:\/\/www.ra-grotha.de\/wordpress\/wp-json\/wp\/v2\/users\/4"}],"replies":[{"embeddable":true,"href":"https:\/\/www.ra-grotha.de\/wordpress\/wp-json\/wp\/v2\/comments?post=3535"}],"version-history":[{"count":2,"href":"https:\/\/www.ra-grotha.de\/wordpress\/wp-json\/wp\/v2\/posts\/3535\/revisions"}],"predecessor-version":[{"id":3588,"href":"https:\/\/www.ra-grotha.de\/wordpress\/wp-json\/wp\/v2\/posts\/3535\/revisions\/3588"}],"wp:featuredmedia":[{"embeddable":true,"href":"https:\/\/www.ra-grotha.de\/wordpress\/wp-json\/wp\/v2\/media\/3586"}],"wp:attachment":[{"href":"https:\/\/www.ra-grotha.de\/wordpress\/wp-json\/wp\/v2\/media?parent=3535"}],"wp:term":[{"taxonomy":"category","embeddable":true,"href":"https:\/\/www.ra-grotha.de\/wordpress\/wp-json\/wp\/v2\/categories?post=3535"},{"taxonomy":"post_tag","embeddable":true,"href":"https:\/\/www.ra-grotha.de\/wordpress\/wp-json\/wp\/v2\/tags?post=3535"}],"curies":[{"name":"wp","href":"https:\/\/api.w.org\/{rel}","templated":true}]}}