{"id":3510,"date":"2024-11-20T10:00:19","date_gmt":"2024-11-20T09:00:19","guid":{"rendered":"https:\/\/www.ra-grotha.de\/wordpress\/?p=3510"},"modified":"2025-09-25T08:52:14","modified_gmt":"2025-09-25T07:52:14","slug":"einspruch-gegen-den-grad-der-behinderung","status":"publish","type":"post","link":"https:\/\/www.ra-grotha.de\/wordpress\/3510\/einspruch-gegen-den-grad-der-behinderung\/","title":{"rendered":"Einspruch gegen den Grad der Behinderung (GdB) &#8211; Ihr Recht auf faire Anerkennung"},"content":{"rendered":"\n<div class=\"wp-block-group seo-content is-layout-constrained wp-block-group-is-layout-constrained\">\n<p>Als <a href=\"https:\/\/www.ra-grotha.de\/wordpress\/sozialrecht\/schwer-behindertenrecht\/\">Anwalt f\u00fcr Schwerbehindertenrecht <\/a>wei\u00df ich aus langj\u00e4hriger Erfahrung, wie wichtig eine korrekte Feststellung des Grades der Behinderung f\u00fcr Ihre Lebensqualit\u00e4t und soziale Teilhabe ist. T\u00e4glich unterst\u00fctze ich Menschen dabei, ihre berechtigten Anspr\u00fcche gegen\u00fcber den Beh\u00f6rden durchzusetzen. Lassen Sie uns gemeinsam pr\u00fcfen, ob auch in Ihrem Fall der festgesetzte GdB Ihrer tats\u00e4chlichen gesundheitlichen Situation entspricht.<\/p>\n\n\n\n<div style=\"display: flex; justify-content: center;\">\r\n    <button type=\"button\" class=\"custom-cta-button\" onclick=\"openFloatingChat()\">Hier Online-Anfrage stellen<\/button>\r\n<\/div>\n\n\n\n<div style=\"height:40px\" aria-hidden=\"true\" class=\"wp-block-spacer\"><\/div>\n\n\n\n<div class=\"wp-block-columns is-layout-flex wp-container-core-columns-is-layout-1 wp-block-columns-is-layout-flex\">\n<div class=\"wp-block-column seo-das-wichtigste has-white-color has-cyan-bluish-gray-background-color has-text-color has-background has-link-color wp-elements-49515937799ce60fbc5c16c4ec2dec92 is-layout-flow wp-block-column-is-layout-flow\">\n<h2 class=\"wp-block-heading has-white-color has-text-color has-link-color wp-elements-fb468946e7ecf4699799eca3e079f883\">Das Wichtigste im \u00dcberblick:<\/h2>\n\n\n\n<ul class=\"wp-block-list\">\n<li>Der Grad der Behinderung (GdB) kann durch einen fachlich fundierten Widerspruch korrigiert werden &#8211; als Fachanwalt f\u00fcr Sozialrecht unterst\u00fctze ich Sie mit langj\u00e4hriger Erfahrung bei der Durchsetzung Ihrer berechtigten Anspr\u00fcche.<\/li>\n\n\n\n<li>Die Widerspruchsfrist gegen den GdB-Bescheid betr\u00e4gt nur einen Monat nach Zustellung &#8211; schnelles Handeln ist daher entscheidend f\u00fcr den Erfolg Ihres Anliegens.<\/li>\n\n\n\n<li>Eine sorgf\u00e4ltige rechtliche und medizinische Argumentation ist der Schl\u00fcssel zum Erfolg &#8211; als spezialisierter Fachanwalt analysiere ich Ihre Unterlagen detailliert und stelle alle relevanten Beeintr\u00e4chtigungen \u00fcberzeugend dar.<\/li>\n<\/ul>\n<\/div>\n<\/div>\n\n\n\n<div style=\"height:40px\" aria-hidden=\"true\" class=\"wp-block-spacer\"><\/div>\n\n\n\n<div class=\"wp-block-group is-layout-constrained wp-block-group-is-layout-constrained\">\n<h2 class=\"wp-block-heading\">GdB-Einspruch: Fachanwaltliche Unterst\u00fctzung bei zu niedriger Einstufung<\/h2>\n\n\n\n<p>Viele Menschen mit gesundheitlichen Einschr\u00e4nkungen kennen diese frustrierende Situation: Der Bescheid \u00fcber den Grad der Behinderung (GdB) trifft ein, und die Entt\u00e4uschung ist gro\u00df. Die zuerkannte Einstufung spiegelt nicht die tats\u00e4chliche Schwere der gesundheitlichen Beeintr\u00e4chtigungen wider, wichtige Aspekte wurden scheinbar \u00fcbersehen oder falsch bewertet.<\/p>\n\n\n\n<p>Als Fachanwalt f\u00fcr Sozialrecht mit Schwerpunkt im Schwerbehindertenrecht erlebe ich t\u00e4glich, wie belastend diese Situation f\u00fcr Betroffene sein kann. Der Kampf mit Beh\u00f6rden kostet Kraft und Nerven &#8211; Kraft, die Sie eigentlich f\u00fcr den Umgang mit Ihren gesundheitlichen Herausforderungen ben\u00f6tigen.<\/p>\n\n\n\n<div style=\"display: flex; justify-content: center;\">\r\n    <button type=\"button\" class=\"custom-cta-button\" onclick=\"openFloatingChat()\">Hier Online-Anfrage stellen<\/button>\r\n<\/div>\n\n\n\n<div style=\"height:40px\" aria-hidden=\"true\" class=\"wp-block-spacer\"><\/div>\n\n\n\n<h2 class=\"wp-block-heading\">Widerspruch gegen den Grad der Behinderung: Ihre Vorteile im \u00dcberblick<\/h2>\n\n\n\n<p>Die Festsetzung des GdB hat weitreichende Auswirkungen auf Ihren Alltag und Ihre berufliche Situation. Ein zu niedrig bemessener GdB bedeutet:<\/p>\n\n\n\n<ul class=\"wp-block-list\">\n<li>Weniger oder gar keine Steuererleichterungen<\/li>\n\n\n\n<li>Geringerer oder kein K\u00fcndigungsschutz am Arbeitsplatz<\/li>\n\n\n\n<li>keine Altersrente f\u00fcr schwerbehinderte Menschen<\/li>\n\n\n\n<li>Keine oder eingeschr\u00e4nkte Nutzung von Nachteilsausgleichen<\/li>\n\n\n\n<li>Fehlen wichtiger Merkzeichen im Schwerbehindertenausweis<\/li>\n<\/ul>\n\n\n\n<p>Als Ihr Fachanwalt f\u00fcr Sozialrecht pr\u00fcfe ich sorgf\u00e4ltig, ob die Bewertung Ihrer gesundheitlichen Einschr\u00e4nkungen durch das Versorgungsamt korrekt erfolgt ist. Dabei achte ich besonders auf:<\/p>\n\n\n\n<ul class=\"wp-block-list\">\n<li>Die vollst\u00e4ndige Ber\u00fccksichtigung aller Erkrankungen und ihrer Wechselwirkungen<\/li>\n\n\n\n<li>Die korrekte Anwendung der Versorgungsmedizin-Verordnung<\/li>\n\n\n\n<li>Die angemessene W\u00fcrdigung aller vorliegenden medizinischen Befunde<\/li>\n\n\n\n<li>Die Beachtung der aktuellen Rechtsprechung zu vergleichbaren F\u00e4llen<\/li>\n<\/ul>\n<\/div>\n\n\n\n<div class=\"wp-block-group is-layout-constrained wp-block-group-is-layout-constrained\">\n<div style=\"display: flex; justify-content: center;\">\r\n    <button type=\"button\" class=\"custom-cta-button\" onclick=\"openFloatingChat()\">Hier Online-Anfrage stellen<\/button>\r\n<\/div>\n\n\n\n<div style=\"height:40px\" aria-hidden=\"true\" class=\"wp-block-spacer\"><\/div>\n<\/div>\n\n\n\n<h2 class=\"wp-block-heading\">GdB-Widerspruch erfolgreich einlegen: Ihr Weg zur korrekten Einstufung<\/h2>\n\n\n\n<h3 class=\"wp-block-heading\">1. Umfassende Analyse Ihrer Situation<\/h3>\n\n\n\n<p>In einem ersten ausf\u00fchrlichen Beratungsgespr\u00e4ch erfasse ich Ihre gesundheitliche Situation und alle relevanten Vorerkrankungen. Ich pr\u00fcfe Ihre vorhandenen medizinischen Unterlagen und identifiziere m\u00f6gliche L\u00fccken in der Dokumentation.<\/p>\n\n\n\n<h3 class=\"wp-block-heading\">2. Strategische Vorbereitung des Widerspruchs<\/h3>\n\n\n\n<p>Auf Basis der Analyse entwickle ich eine fundierte rechtliche Argumentation f\u00fcr Ihren Widerspruch. Dabei:<\/p>\n\n\n\n<ul class=\"wp-block-list\">\n<li>Stelle ich alle relevanten Diagnosen systematisch zusammen<\/li>\n\n\n\n<li>Bereite medizinische Befunde \u00fcberzeugend auf<\/li>\n\n\n\n<li>Weise auf \u00fcbersehene Wechselwirkungen zwischen verschiedenen Erkrankungen hin<\/li>\n\n\n\n<li>Ber\u00fccksichtige die aktuelle Rechtsprechung zu vergleichbaren F\u00e4llen<\/li>\n<\/ul>\n\n\n\n<h3 class=\"wp-block-heading\">3. Professionelle Vertretung im Verfahren<\/h3>\n\n\n\n<p>Als Ihr Fachanwalt \u00fcbernehme ich die gesamte Kommunikation mit dem Versorgungsamt und anderen beteiligten Stellen. Ich:<\/p>\n\n\n\n<p>Begleite Sie, falls erforderlich, auch im Klageverfahren vor dem Sozialgericht<\/p>\n\n\n\n<p>Reiche den formal korrekten Widerspruch fristgerecht ein<\/p>\n\n\n\n<p>Fordere bei Bedarf erg\u00e4nzende Gutachten an<\/p>\n\n\n\n<p>Pr\u00fcfe neue Gutachten kritisch und nehme dazu Stellung<\/p>\n\n\n\n<div class=\"wp-block-group is-layout-constrained wp-block-group-is-layout-constrained\">\n<div style=\"display: flex; justify-content: center;\">\r\n    <button type=\"button\" class=\"custom-cta-button\" onclick=\"openFloatingChat()\">Hier Online-Anfrage stellen<\/button>\r\n<\/div>\n\n\n\n<div style=\"height:40px\" aria-hidden=\"true\" class=\"wp-block-spacer\"><\/div>\n<\/div>\n\n\n\n<h2 class=\"wp-block-heading\">Fachanwaltliche Vertretung beim GdB-Widerspruch: Ihre Vorteile<\/h2>\n\n\n\n<p>Als bundesweit t\u00e4tiger Fachanwalt f\u00fcr Sozialrecht biete ich Ihnen:<\/p>\n\n\n\n<ul class=\"wp-block-list\">\n<li>Ausschlie\u00dfliche Spezialisierung auf sozialrechtliche F\u00e4lle<\/li>\n\n\n\n<li>Langj\u00e4hrige Erfahrung im Schwerbehindertenrecht<\/li>\n\n\n\n<li>Digitale, barrierefreie Beratung &#8211; unabh\u00e4ngig von Ihrem Wohnort<\/li>\n\n\n\n<li>Pers\u00f6nliche Betreuung und regelm\u00e4\u00dfige Updates zu Ihrem Fall<\/li>\n\n\n\n<li>Hohe Erfolgsquote durch fundierte Expertise<\/li>\n\n\n\n<li>Verst\u00e4ndliche Erkl\u00e4rung komplexer rechtlicher Sachverhalte<\/li>\n\n\n\n<li>Empathie und Verst\u00e4ndnis f\u00fcr Ihre Situation<\/li>\n<\/ul>\n\n\n\n<p>\u200b\u200bLassen Sie sich nicht von einem zu niedrig angesetzten Grad der Behinderung entmutigen \u2013 gemeinsam finden wir den richtigen Weg durch das Widerspruchsverfahren. Als Ihr erfahrener Ansprechpartner f\u00fcr sozialrechtliche Anliegen setze ich mich mit vollem Engagement daf\u00fcr ein, dass Ihre gesundheitlichen Einschr\u00e4nkungen die Anerkennung erhalten, die sie verdienen.<\/p>\n\n\n\n<h2 class=\"wp-block-heading\">Handeln Sie jetzt &#8211; die Zeit l\u00e4uft!<\/h2>\n\n\n\n<p>Bedenken Sie: Die Frist f\u00fcr einen Widerspruch gegen den GdB-Bescheid betr\u00e4gt nur einen Monat nach Zustellung. Lassen Sie diese Frist nicht verstreichen! Je fr\u00fcher Sie fachkundige Unterst\u00fctzung in Anspruch nehmen, desto besser sind Ihre Chancen auf eine erfolgreiche Korrektur des GdB.<\/p>\n\n\n\n<div class=\"wp-block-group is-layout-constrained wp-block-group-is-layout-constrained\">\n<div style=\"height:40px\" aria-hidden=\"true\" class=\"wp-block-spacer\"><\/div>\n<\/div>\n\n\n\n<h2 class=\"wp-block-heading\">H\u00e4ufig gestellte Fragen<\/h2>\n\n\n\n<div style=\"height:40px\" aria-hidden=\"true\" class=\"wp-block-spacer\"><\/div>\n\n\n\n<div class=\"wp-block-group is-layout-constrained wp-block-group-is-layout-constrained\">\n<h3 class=\"wp-block-heading\">Wie lange habe ich Zeit, um Widerspruch gegen meinen GdB-Bescheid einzulegen?<\/h3>\n\n\n\n<p>Die Widerspruchsfrist betr\u00e4gt einen Monat ab Zustellung des Bescheids. Diese Frist ist eine gesetzliche Ausschlussfrist, die unbedingt eingehalten werden muss. Der Tag der Zustellung wird dabei nicht mitgerechnet. Falls Sie diese Frist vers\u00e4umen, kann der Bescheid nur noch unter besonderen Umst\u00e4nden angefochten werden. Deshalb empfehle ich Ihnen dringend, sich zeitnah nach Erhalt des Bescheids rechtliche Unterst\u00fctzung zu suchen.<br><\/p>\n\n\n\n<h3 class=\"wp-block-heading\">Was kostet mich ein Widerspruchsverfahren gegen den GdB-Bescheid?<\/h3>\n\n\n\n<p>Die Kosten f\u00fcr ein Einspruchsverfahren k\u00f6nnen teilweise durch Ihre Rechtsschutzversicherung \u00fcbernommen werden, sofern Sie eine entsprechende Deckung haben. Auch besteht die M\u00f6glichkeit, Beratungs- oder Verfahrenskostenhilfe zu beantragen, wenn Sie \u00fcber ein geringes Einkommen verf\u00fcgen. In einem ersten Gespr\u00e4ch kl\u00e4re ich mit Ihnen die Kostenfrage transparent und finde eine f\u00fcr Sie passende L\u00f6sung.<br><\/p>\n\n\n\n<h3 class=\"wp-block-heading\">Ab welchem GdB lohnt sich ein Widerspruch?<\/h3>\n\n\n\n<p>Die Entscheidung f\u00fcr einen Widerspruch h\u00e4ngt nicht allein von der Differenz zwischen dem gew\u00fcnschten und dem festgestellten GdB ab. Bereits kleine Unterschiede k\u00f6nnen bedeutsam sein, etwa wenn dadurch die Schwerbehinderteneigenschaft (ab GdB 50) erreicht w\u00fcrde oder wichtige Merkzeichen nicht zuerkannt wurden. Ich pr\u00fcfe in jedem Einzelfall sorgf\u00e4ltig die Erfolgsaussichten und berate Sie ehrlich zu Ihren Chancen.<br><\/p>\n\n\n\n<h3 class=\"wp-block-heading\">Welche Unterlagen ben\u00f6tige ich f\u00fcr einen erfolgreichen Widerspruch?<\/h3>\n\n\n\n<p>F\u00fcr einen erfolgreichen Einspruch sind aktuelle und aussagekr\u00e4ftige medizinische Unterlagen entscheidend. Besonders wichtig sind \u00e4rztliche Befundberichte, Krankenhaus- und Reha-Berichte sowie Gutachten von Fach\u00e4rzten. Als Ihr Fachanwalt unterst\u00fctze ich Sie bei der Zusammenstellung der relevanten Dokumente.<br><\/p>\n\n\n\n<h3 class=\"wp-block-heading\">Wie lange dauert ein Widerspruchsverfahren gegen den GdB-Bescheid?<\/h3>\n\n\n\n<p>Die Dauer eines Widerspruchsverfahrens kann zwischen wenigen Monaten und einem Jahr variieren. Dies h\u00e4ngt von verschiedenen Faktoren ab, wie der Komplexit\u00e4t Ihres Falls, der Notwendigkeit weiterer Gutachten und der Arbeitsbelastung des zust\u00e4ndigen Versorgungsamtes. Ich setze mich f\u00fcr eine z\u00fcgige Bearbeitung ein und halte Sie kontinuierlich \u00fcber den Verfahrensstand auf dem Laufenden.<br><\/p>\n\n\n\n<h3 class=\"wp-block-heading\">Was passiert, wenn mein Widerspruch abgelehnt wird?<\/h3>\n\n\n\n<p>Bei Zur\u00fcckweisung Ihres Widerspruchs haben Sie die M\u00f6glichkeit, innerhalb eines Monats Klage beim zust\u00e4ndigen Sozialgericht zu erheben. Das Gerichtsverfahren ist f\u00fcr Sie kostenfrei, und Sie m\u00fcssen auch keine Gerichtskosten bef\u00fcrchten, falls die Klage erfolglos bleibt. Als Ihr Fachanwalt begleite ich Sie selbstverst\u00e4ndlich auch durch dieses Verfahren.<br><\/p>\n\n\n\n<h3 class=\"wp-block-heading\">Kann sich mein GdB durch einen Widerspruch auch verschlechtern?<\/h3>\n\n\n\n<p>Theoretisch kann das Versorgungsamt im Rahmen des Widerspruchsverfahrens den Fall komplett neu pr\u00fcfen und dabei auch zu einer niedrigeren Einstufung kommen. In der Praxis ist dies jedoch sehr selten. Ich pr\u00fcfe vor Einlegung des Einspruchs sehr genau die Erfolgsaussichten und rate Ihnen von einem Widerspruch ab, wenn ich ein solches Risiko sehe.<br><\/p>\n\n\n\n<h3 class=\"wp-block-heading\">Muss ich pers\u00f6nlich beim Versorgungsamt erscheinen?<\/h3>\n\n\n\n<p>In den meisten F\u00e4llen ist kein pers\u00f6nliches Erscheinen beim Versorgungsamt erforderlich. Als Ihr bevollm\u00e4chtigter Anwalt \u00fcbernehme ich die gesamte Kommunikation mit der Beh\u00f6rde.&nbsp;<br><\/p>\n\n\n\n<h3 class=\"wp-block-heading\">Welche Bedeutung haben die einzelnen Merkzeichen?<\/h3>\n\n\n\n<p>Merkzeichen sind wichtige Zusatzfeststellungen in Ihrem Schwerbehindertenausweis, die besondere Rechte und Nachteilsausgleiche gew\u00e4hren. Sie reichen von &#8222;G&#8220; f\u00fcr erhebliche Gehbehinderung bis zu &#8222;B&#8220; f\u00fcr die Berechtigung zur Mitnahme einer Begleitperson. Im Rahmen des Einspruchsverfahrens pr\u00fcfe ich sorgf\u00e4ltig, ob Ihnen weitere Merkzeichen zustehen und setze diese f\u00fcr Sie durch.<br><\/p>\n\n\n\n<h3 class=\"wp-block-heading\">Wie kann ich meine Erfolgsaussichten einsch\u00e4tzen lassen?<\/h3>\n\n\n\n<p>In einem ersten Beratungsgespr\u00e4ch analysiere ich Ihre Situation und die vorliegenden Unterlagen. Basierend auf meiner langj\u00e4hrigen Erfahrung als Fachanwalt f\u00fcr Sozialrecht gebe ich Ihnen eine realistische Einsch\u00e4tzung Ihrer Erfolgsaussichten. So k\u00f6nnen Sie eine fundierte Entscheidung \u00fcber das weitere Vorgehen treffen.<br><\/p>\n<\/div>\n\n\n\n<div style=\"height:40px\" aria-hidden=\"true\" class=\"wp-block-spacer\"><\/div>\n\n\n\n<h3 class=\"wp-block-heading\">3 weiterf\u00fchrende Links:<\/h3>\n\n\n\n<p><a href=\"https:\/\/www.ra-grotha.de\/wordpress\/3295\/ab-wann-ist-man-arbeitsunfaehig\/\">Ab wann ist man arbeitsunf\u00e4hig?<\/a> <\/p>\n\n\n\n<p><a href=\"https:\/\/www.ra-grotha.de\/wordpress\/3289\/wie-hoch-ist-die-erwerbsminderungsrente\/\">Wie hoch ist die Erwerbsminderungsrente?<\/a> <\/p>\n\n\n\n<p>&nbsp;<a href=\"https:\/\/www.ra-grotha.de\/wordpress\/3295\/ab-wann-ist-man-arbeitsunfaehig\/\">Ab wann ist man arbeitsunf\u00e4hig?<\/a> <\/p>\n\n\n\n<div style=\"height:40px\" aria-hidden=\"true\" class=\"wp-block-spacer\"><\/div>\n\n\n\n<p><strong>Excerpt:<\/strong><\/p>\n<\/div>\n\n\n\n<p>Ein zu niedrig festgesetzter Grad der Behinderung (GdB) kann weitreichende Auswirkungen auf Ihren Alltag haben. Als Fachanwalt f\u00fcr Sozialrecht unterst\u00fctze ich Sie beim Widerspruch gegen den GdB-Bescheid durch fundierte rechtliche Argumentation und sorgf\u00e4ltige Aufbereitung Ihrer medizinischen Dokumentation. Beachten Sie die einmonatige Widerspruchsfrist und lassen Sie uns gemeinsam f\u00fcr die angemessene Anerkennung Ihrer gesundheitlichen Einschr\u00e4nkungen k\u00e4mpfen.<br><\/p>\n\n\n\n<div style=\"height:40px\" aria-hidden=\"true\" class=\"wp-block-spacer\"><\/div>\n","protected":false},"excerpt":{"rendered":"<p>Als Anwalt f\u00fcr Schwerbehindertenrecht wei\u00df ich aus langj\u00e4hriger Erfahrung, wie wichtig eine korrekte Feststellung des Grades der Behinderung f\u00fcr Ihre Lebensqualit\u00e4t und soziale Teilhabe ist. T\u00e4glich unterst\u00fctze ich Menschen dabei, ihre berechtigten Anspr\u00fcche gegen\u00fcber den Beh\u00f6rden durchzusetzen. Lassen Sie uns<\/p>\n","protected":false},"author":4,"featured_media":3609,"comment_status":"closed","ping_status":"closed","sticky":false,"template":"","format":"standard","meta":{"footnotes":""},"categories":[37],"tags":[],"class_list":["post-3510","post","type-post","status-publish","format-standard","has-post-thumbnail","hentry","category-schwerbehindertenrecht"],"_links":{"self":[{"href":"https:\/\/www.ra-grotha.de\/wordpress\/wp-json\/wp\/v2\/posts\/3510","targetHints":{"allow":["GET"]}}],"collection":[{"href":"https:\/\/www.ra-grotha.de\/wordpress\/wp-json\/wp\/v2\/posts"}],"about":[{"href":"https:\/\/www.ra-grotha.de\/wordpress\/wp-json\/wp\/v2\/types\/post"}],"author":[{"embeddable":true,"href":"https:\/\/www.ra-grotha.de\/wordpress\/wp-json\/wp\/v2\/users\/4"}],"replies":[{"embeddable":true,"href":"https:\/\/www.ra-grotha.de\/wordpress\/wp-json\/wp\/v2\/comments?post=3510"}],"version-history":[{"count":7,"href":"https:\/\/www.ra-grotha.de\/wordpress\/wp-json\/wp\/v2\/posts\/3510\/revisions"}],"predecessor-version":[{"id":4093,"href":"https:\/\/www.ra-grotha.de\/wordpress\/wp-json\/wp\/v2\/posts\/3510\/revisions\/4093"}],"wp:featuredmedia":[{"embeddable":true,"href":"https:\/\/www.ra-grotha.de\/wordpress\/wp-json\/wp\/v2\/media\/3609"}],"wp:attachment":[{"href":"https:\/\/www.ra-grotha.de\/wordpress\/wp-json\/wp\/v2\/media?parent=3510"}],"wp:term":[{"taxonomy":"category","embeddable":true,"href":"https:\/\/www.ra-grotha.de\/wordpress\/wp-json\/wp\/v2\/categories?post=3510"},{"taxonomy":"post_tag","embeddable":true,"href":"https:\/\/www.ra-grotha.de\/wordpress\/wp-json\/wp\/v2\/tags?post=3510"}],"curies":[{"name":"wp","href":"https:\/\/api.w.org\/{rel}","templated":true}]}}