{"id":3061,"date":"2024-02-06T13:46:14","date_gmt":"2024-02-06T12:46:14","guid":{"rendered":"https:\/\/www.ra-grotha.de\/wordpress\/?p=3061"},"modified":"2024-02-06T15:52:38","modified_gmt":"2024-02-06T14:52:38","slug":"psychische-erkrankungen-ihre-rolle-im-sozialrecht","status":"publish","type":"post","link":"https:\/\/www.ra-grotha.de\/wordpress\/3061\/psychische-erkrankungen-ihre-rolle-im-sozialrecht\/","title":{"rendered":"Psychische Erkrankungen: Ihre Rolle im Sozialrecht"},"content":{"rendered":"\n<p>Psychische Erkrankungen sind in unserer heutigen Gesellschaft ein Thema, das viele Menschen betrifft.<\/p>\n\n\n\n<p>Zu den h\u00e4ufigsten Formen geh\u00f6ren Depressionen sowie Angst- und Panikst\u00f6rungen.<\/p>\n\n\n\n<p>Depressionen \u00e4u\u00dfern sich durch anhaltende Traurigkeit, Interessen- und Freudlosigkeit sowie allgemeine Antriebslosigkeit. Angstst\u00f6rungen treten in unterschiedlichen Formen auf und k\u00f6nnen sich z. B. in \u00fcberm\u00e4\u00dfigen Sorgen, Angstzust\u00e4nden und Panikattacken \u00e4u\u00dfern, die das t\u00e4gliche Leben stark beeintr\u00e4chtigen.<\/p>\n\n\n\n<p>Dar\u00fcber hinaus gibt es komplexe psychische St\u00f6rungen wie dissoziative St\u00f6rungen, die zu einer Trennung von Gedanken, Identit\u00e4t, Bewusstsein und Ged\u00e4chtnis f\u00fchren k\u00f6nnen, und bipolare St\u00f6rungen, die durch extreme Schwankungen von Stimmung, Energie und Verhalten gekennzeichnet sind.<\/p>\n\n\n\n<p>Diese Erkrankungen spielen auch im Sozialrecht eine wichtige Rolle, insbesondere wenn es um Fragen der Erwerbsminderungsrente und des Grades der Behinderung (GdB) geht. Die Anerkennung einer psychischen Erkrankung in diesen sozialrechtlichen Angelegenheiten kann jedoch eine Herausforderung darstellen.<\/p>\n\n\n\n<h2 class=\"wp-block-heading\">Erwerbsminderungsrente und psychische Erkrankung<\/h2>\n\n\n\n<p>Die Erwerbsminderungsrente ist eine wichtige soziale Absicherung f\u00fcr Menschen, die aus gesundheitlichen Gr\u00fcnden nicht mehr arbeiten k\u00f6nnen. Psychische Erkrankungen geh\u00f6ren zu den h\u00e4ufigsten Gr\u00fcnden f\u00fcr die Beantragung einer Erwerbsminderungsrente. Dennoch wird vielen Betroffenen die Rente zu Unrecht verweigert, da die Auswirkungen psychischer Erkrankungen auf die Erwerbsf\u00e4higkeit h\u00e4ufig untersch\u00e4tzt oder nicht ausreichend verstanden werden.<\/p>\n\n\n\n<h2 class=\"wp-block-heading\">Grad der Behinderung (GdB) und psychische Erkrankung<\/h2>\n\n\n\n<p>\u00c4hnlich verh\u00e4lt es sich mit dem Grad der Behinderung. Die Feststellung der Schwerbehinderteneigenschaft (Grad der Behinderung von mindestens 50) kann f\u00fcr Menschen mit psychischen Erkrankungen enorm wichtige Konsequenzen haben, z.B. durch einen besonderen arbeitsrechtlichen K\u00fcndigungsschutz, Zusatzurlaub oder die M\u00f6glichkeit, unter Umst\u00e4nden fr\u00fcher in Rente gehen zu k\u00f6nnen.<\/p>\n\n\n\n<p>Aber auch bei der Feststellung des Grades der Behinderung wird der tats\u00e4chliche Einfluss der psychischen Erkrankung auf das t\u00e4gliche Leben h\u00e4ufig nicht angemessen ber\u00fccksichtigt, was zu einer zu niedrigen Einstufung f\u00fchren kann.<\/p>\n\n\n\n<h2 class=\"wp-block-heading\">Bedeutung psychischer Erkrankungen f\u00fcr die Feststellung eines Pflegegrades<\/h2>\n\n\n\n<p>Neben der Erwerbsminderungsrente und dem Grad der Behinderung spielt die Anerkennung psychischer Erkrankungen auch bei der Feststellung eines Pflegegrades eine wesentliche Rolle. Seit der Pflegereform 2017 werden psychische und kognitive Beeintr\u00e4chtigungen bei der Beurteilung der Pflegebed\u00fcrftigkeit st\u00e4rker ber\u00fccksichtigt. Dies war ein wichtiger Schritt hin zu einer gerechteren Begutachtung, da zuvor vor allem k\u00f6rperliche Einschr\u00e4nkungen im Mittelpunkt standen.<\/p>\n\n\n\n<p>Bei der Begutachtung zur Feststellung eines Pflegegrades werden nun auch die Auswirkungen von psychischen Erkrankungen wie Demenz, schweren Depressionen oder Angstst\u00f6rungen ber\u00fccksichtigt. Bewertet wird, inwieweit die Erkrankung die Alltagskompetenz der Betroffenen beeintr\u00e4chtigt, zum Beispiel in Bezug auf Selbstversorgung, Mobilit\u00e4t, Kommunikationsf\u00e4higkeit und soziale Teilhabe. Eine entsprechende Anerkennung dieser Beeintr\u00e4chtigungen kann zu einem h\u00f6heren Pflegegrad f\u00fchren, der den Zugang zu notwendigen Pflegeleistungen und finanziellen Hilfen erm\u00f6glicht.<\/p>\n\n\n\n<h2 class=\"wp-block-heading\">Die Herausforderung der sozialrechtlichen Anerkennung psychischer Erkrankungen<\/h2>\n\n\n\n<p>Die Kernproblematik liegt h\u00e4ufig in der Anerkennung der Schwere und der Auswirkungen der psychischen Erkrankung durch die zust\u00e4ndigen Beh\u00f6rden. Psychische Erkrankungen sind im Gegensatz zu k\u00f6rperlichen Erkrankungen nicht immer offensichtlich und erfordern eine differenzierte Betrachtung der individuellen Situation des Betroffenen. Dies kann im Rahmen der \u00fcblichen Begutachtungsverfahren zu Schwierigkeiten f\u00fchren.<\/p>\n\n\n\n<h2 class=\"wp-block-heading\">Was Betroffene tun k\u00f6nnen<\/h2>\n\n\n\n<p>Entscheidend ist, dass die Betroffenen gut \u00fcber ihre Rechte informiert sind und die notwendigen Schritte unternehmen, um ihre Anspr\u00fcche geltend zu machen. Dazu geh\u00f6rt eine umfassende Dokumentation der Erkrankung durch \u00e4rztliche Atteste, Therapieberichte und \u00c4hnliches.<\/p>\n\n\n\n<p>Dar\u00fcber hinaus kann die Unterst\u00fctzung durch einen auf Sozialrecht spezialisierten Rechtsanwalt entscheidend sein, um die eigenen Rechte effektiv durchzusetzen und den Beh\u00f6rden die Auswirkungen der psychischen Erkrankung auf das Arbeitsleben verst\u00e4ndlich zu machen.<\/p>\n\n\n\n<p>Sp\u00e4testens wenn die zust\u00e4ndige Beh\u00f6rde (Rentenversicherung, Versorgungsamt, Pflegekasse) einen Bescheid erl\u00e4sst und Zweifel an dessen Richtigkeit bestehen, sollte ein spezialisierter Anwalt hinzugezogen werden.<\/p>\n\n\n\n<h2 class=\"wp-block-heading\">Fazit<\/h2>\n\n\n\n<p>Psychische Erkrankungen spielen im Sozialrecht eine sehr wichtige Rolle, da sie h\u00e4ufig auftreten und die Lebensf\u00fchrung und Arbeitsf\u00e4higkeit der Betroffenen erheblich beeintr\u00e4chtigen k\u00f6nnen. Eine fundierte rechtliche Beratung ist unerl\u00e4sslich, um die Chancen auf eine gerechte Anerkennung und Unterst\u00fctzung zu verbessern.<\/p>\n","protected":false},"excerpt":{"rendered":"<p>Psychische Erkrankungen sind in unserer heutigen Gesellschaft ein Thema, das viele Menschen betrifft. Zu den h\u00e4ufigsten Formen geh\u00f6ren Depressionen sowie Angst- und Panikst\u00f6rungen. Depressionen \u00e4u\u00dfern sich durch anhaltende Traurigkeit, Interessen- und Freudlosigkeit sowie allgemeine Antriebslosigkeit. Angstst\u00f6rungen treten in unterschiedlichen Formen<\/p>\n","protected":false},"author":1,"featured_media":3066,"comment_status":"closed","ping_status":"closed","sticky":false,"template":"","format":"standard","meta":{"footnotes":""},"categories":[1,41,38,37],"tags":[],"class_list":["post-3061","post","type-post","status-publish","format-standard","has-post-thumbnail","hentry","category-allgemein","category-gesetzliche-pflegeversicherung","category-rentenrecht","category-schwerbehindertenrecht"],"_links":{"self":[{"href":"https:\/\/www.ra-grotha.de\/wordpress\/wp-json\/wp\/v2\/posts\/3061","targetHints":{"allow":["GET"]}}],"collection":[{"href":"https:\/\/www.ra-grotha.de\/wordpress\/wp-json\/wp\/v2\/posts"}],"about":[{"href":"https:\/\/www.ra-grotha.de\/wordpress\/wp-json\/wp\/v2\/types\/post"}],"author":[{"embeddable":true,"href":"https:\/\/www.ra-grotha.de\/wordpress\/wp-json\/wp\/v2\/users\/1"}],"replies":[{"embeddable":true,"href":"https:\/\/www.ra-grotha.de\/wordpress\/wp-json\/wp\/v2\/comments?post=3061"}],"version-history":[{"count":1,"href":"https:\/\/www.ra-grotha.de\/wordpress\/wp-json\/wp\/v2\/posts\/3061\/revisions"}],"predecessor-version":[{"id":3063,"href":"https:\/\/www.ra-grotha.de\/wordpress\/wp-json\/wp\/v2\/posts\/3061\/revisions\/3063"}],"wp:featuredmedia":[{"embeddable":true,"href":"https:\/\/www.ra-grotha.de\/wordpress\/wp-json\/wp\/v2\/media\/3066"}],"wp:attachment":[{"href":"https:\/\/www.ra-grotha.de\/wordpress\/wp-json\/wp\/v2\/media?parent=3061"}],"wp:term":[{"taxonomy":"category","embeddable":true,"href":"https:\/\/www.ra-grotha.de\/wordpress\/wp-json\/wp\/v2\/categories?post=3061"},{"taxonomy":"post_tag","embeddable":true,"href":"https:\/\/www.ra-grotha.de\/wordpress\/wp-json\/wp\/v2\/tags?post=3061"}],"curies":[{"name":"wp","href":"https:\/\/api.w.org\/{rel}","templated":true}]}}