{"id":2490,"date":"2022-03-08T10:45:10","date_gmt":"2022-03-08T09:45:10","guid":{"rendered":"http:\/\/www.ra-grotha.de\/?p=2490"},"modified":"2022-03-08T10:45:10","modified_gmt":"2022-03-08T09:45:10","slug":"bundesregierung-plant-sanktions-moratorium","status":"publish","type":"post","link":"https:\/\/www.ra-grotha.de\/wordpress\/2490\/bundesregierung-plant-sanktions-moratorium\/","title":{"rendered":"Bundesregierung plant Sanktions-Moratorium"},"content":{"rendered":"<p>Die Bundesregierung plant, mit der Einf\u00fchrung eines sogenannten B\u00fcrgergeldes die vom Bundesverfassungsgericht schon 2019 geforderte gesetzliche Neuregelung der sogenannten Sanktionen (Minderung der Jobcenter-Leistungen) durchzuf\u00fchren.<\/p>\n<p>In diesem Zusammenhang sollen die aktuell noch g\u00fcltigen Sanktions-Regelungen befristet bis zum 31.12.2022 au\u00dfer Kraft gesetzt werden. Anschlie\u00dfend soll dann das &#8222;B\u00fcrgergeld&#8220; die Mitwirkungspflichten neu gestalten.<\/p>\n<p>Im Koalitionsvertrag der neuen Regierung war noch davon die Rede, die Sanktionen f\u00fcr ein ganzes Jahr auszusetzen, nun soll es also ein halbes Jahr werden.<\/p>\n<p>Das Ganze befindet sich aber noch im Gesetzgebungsverfahren, die Sanktions-Regelungen gelten also noch und werden auch angewendet!<\/p>\n","protected":false},"excerpt":{"rendered":"<p>Die Bundesregierung plant, mit der Einf\u00fchrung eines sogenannten B\u00fcrgergeldes die vom Bundesverfassungsgericht schon 2019 geforderte gesetzliche Neuregelung der sogenannten Sanktionen (Minderung der Jobcenter-Leistungen) durchzuf\u00fchren. In diesem Zusammenhang sollen die aktuell noch g\u00fcltigen Sanktions-Regelungen befristet bis zum 31.12.2022 au\u00dfer Kraft gesetzt<\/p>\n","protected":false},"author":1,"featured_media":0,"comment_status":"closed","ping_status":"closed","sticky":false,"template":"","format":"standard","meta":{"footnotes":""},"categories":[35],"tags":[],"class_list":["post-2490","post","type-post","status-publish","format-standard","hentry","category-buergergeld"],"_links":{"self":[{"href":"https:\/\/www.ra-grotha.de\/wordpress\/wp-json\/wp\/v2\/posts\/2490","targetHints":{"allow":["GET"]}}],"collection":[{"href":"https:\/\/www.ra-grotha.de\/wordpress\/wp-json\/wp\/v2\/posts"}],"about":[{"href":"https:\/\/www.ra-grotha.de\/wordpress\/wp-json\/wp\/v2\/types\/post"}],"author":[{"embeddable":true,"href":"https:\/\/www.ra-grotha.de\/wordpress\/wp-json\/wp\/v2\/users\/1"}],"replies":[{"embeddable":true,"href":"https:\/\/www.ra-grotha.de\/wordpress\/wp-json\/wp\/v2\/comments?post=2490"}],"version-history":[{"count":1,"href":"https:\/\/www.ra-grotha.de\/wordpress\/wp-json\/wp\/v2\/posts\/2490\/revisions"}],"predecessor-version":[{"id":2491,"href":"https:\/\/www.ra-grotha.de\/wordpress\/wp-json\/wp\/v2\/posts\/2490\/revisions\/2491"}],"wp:attachment":[{"href":"https:\/\/www.ra-grotha.de\/wordpress\/wp-json\/wp\/v2\/media?parent=2490"}],"wp:term":[{"taxonomy":"category","embeddable":true,"href":"https:\/\/www.ra-grotha.de\/wordpress\/wp-json\/wp\/v2\/categories?post=2490"},{"taxonomy":"post_tag","embeddable":true,"href":"https:\/\/www.ra-grotha.de\/wordpress\/wp-json\/wp\/v2\/tags?post=2490"}],"curies":[{"name":"wp","href":"https:\/\/api.w.org\/{rel}","templated":true}]}}