{"id":2357,"date":"2021-01-22T11:46:55","date_gmt":"2021-01-22T10:46:55","guid":{"rendered":"http:\/\/www.ra-grotha.de\/?p=2357"},"modified":"2021-01-22T11:47:39","modified_gmt":"2021-01-22T10:47:39","slug":"corona-aufschlag-fuer-hartz-iv-wer-zahlt-die-masken","status":"publish","type":"post","link":"https:\/\/www.ra-grotha.de\/wordpress\/2357\/corona-aufschlag-fuer-hartz-iv-wer-zahlt-die-masken\/","title":{"rendered":"Corona-Aufschlag f\u00fcr Hartz IV ?  Wer zahlt die Masken ?"},"content":{"rendered":"<p lang=\"de-DE\">Die Umst\u00e4nde der Pandemie treffen Menschen, die von Hartz IV oder Sozialhilfe leben, in besonderem Ma\u00dfe. Dies gilt umso mehr, wenn Kinder betroffen sind.<\/p>\n<p lang=\"de-DE\">Nun stellt sich ein neues Problem: Maskenpflicht.<\/p>\n<p lang=\"de-DE\">Wer bezahlt die FFP2-Masken oder OP-Masken, die nun in einigen Alltags-Bereichen Pflicht sind ?<\/p>\n<p lang=\"de-DE\">Im knappen Regelbedarf sind diese nat\u00fcrlich nicht ber\u00fccksichtigt, niemand hat bei der Berechnung der Regelbedarfe mit einer derartigen Situation gerechnet.<\/p>\n<p lang=\"de-DE\">Die Rechtslage ist unklar. Meines Erachtens besteht eine Aussicht, erhebliche Mehrkosten durch die Anschaffung von medizinischen Masken als laufenden Mehrbedarf gegen\u00fcber dem Jobcenter oder Sozialamt geltend zu machen.<\/p>\n<p lang=\"de-DE\">Also: Antrag auf Kosten\u00fcbernahme stellen, Quittungen der Masken-K\u00e4ufe sammeln und monatlich bei der Beh\u00f6rde einreichen. Bei Ablehnung: Widerspruch gegen den Bescheid einlegen.<\/p>\n<p lang=\"de-DE\">Vielleicht \u00fcberlegt sich der Gesetzgeber ja noch etwas. Hierzu ein ganz aktueller Artikel des Spiegel-Online:<\/p>\n<p lang=\"de-DE\"><a href=\"https:\/\/www.spiegel.de\/wirtschaft\/soziales\/corona-heil-stellt-zuschlag-fuer-hartz-iv-in-aussicht-a-d02ad6b8-493c-4096-adf6-43f733096594\" target=\"_blank\" rel=\"noopener\">https:\/\/www.spiegel.de\/wirtschaft\/soziales\/corona-heil-stellt-zuschlag-fuer-hartz-iv-in-aussicht-a-d02ad6b8-493c-4096-adf6-43f733096594<\/a><\/p>\n<p lang=\"de-DE\">Und hier noch ein Link zu einem lesenswerten Kommentar aus dem Spiegel: Die Zwei-Masken-Gesellschaft&#8230;<\/p>\n<p lang=\"de-DE\"><a href=\"https:\/\/www.spiegel.de\/kultur\/corona-masken-kolumne-von-samira-el-ouassil-a-86267be5-b0f7-439a-9fad-90156d49db92\" target=\"_blank\" rel=\"noopener\">https:\/\/www.spiegel.de\/kultur\/corona-masken-kolumne-von-samira-el-ouassil-a-86267be5-b0f7-439a-9fad-90156d49db92<\/a><\/p>\n","protected":false},"excerpt":{"rendered":"<p>Die Umst\u00e4nde der Pandemie treffen Menschen, die von Hartz IV oder Sozialhilfe leben, in besonderem Ma\u00dfe. Dies gilt umso mehr, wenn Kinder betroffen sind. Nun stellt sich ein neues Problem: Maskenpflicht. Wer bezahlt die FFP2-Masken oder OP-Masken, die nun in<\/p>\n","protected":false},"author":1,"featured_media":0,"comment_status":"closed","ping_status":"closed","sticky":false,"template":"","format":"standard","meta":{"footnotes":""},"categories":[35],"tags":[],"class_list":["post-2357","post","type-post","status-publish","format-standard","hentry","category-buergergeld"],"_links":{"self":[{"href":"https:\/\/www.ra-grotha.de\/wordpress\/wp-json\/wp\/v2\/posts\/2357","targetHints":{"allow":["GET"]}}],"collection":[{"href":"https:\/\/www.ra-grotha.de\/wordpress\/wp-json\/wp\/v2\/posts"}],"about":[{"href":"https:\/\/www.ra-grotha.de\/wordpress\/wp-json\/wp\/v2\/types\/post"}],"author":[{"embeddable":true,"href":"https:\/\/www.ra-grotha.de\/wordpress\/wp-json\/wp\/v2\/users\/1"}],"replies":[{"embeddable":true,"href":"https:\/\/www.ra-grotha.de\/wordpress\/wp-json\/wp\/v2\/comments?post=2357"}],"version-history":[{"count":2,"href":"https:\/\/www.ra-grotha.de\/wordpress\/wp-json\/wp\/v2\/posts\/2357\/revisions"}],"predecessor-version":[{"id":2359,"href":"https:\/\/www.ra-grotha.de\/wordpress\/wp-json\/wp\/v2\/posts\/2357\/revisions\/2359"}],"wp:attachment":[{"href":"https:\/\/www.ra-grotha.de\/wordpress\/wp-json\/wp\/v2\/media?parent=2357"}],"wp:term":[{"taxonomy":"category","embeddable":true,"href":"https:\/\/www.ra-grotha.de\/wordpress\/wp-json\/wp\/v2\/categories?post=2357"},{"taxonomy":"post_tag","embeddable":true,"href":"https:\/\/www.ra-grotha.de\/wordpress\/wp-json\/wp\/v2\/tags?post=2357"}],"curies":[{"name":"wp","href":"https:\/\/api.w.org\/{rel}","templated":true}]}}