{"id":2349,"date":"2021-01-19T13:26:05","date_gmt":"2021-01-19T12:26:05","guid":{"rendered":"http:\/\/www.ra-grotha.de\/?p=2349"},"modified":"2021-01-19T13:29:02","modified_gmt":"2021-01-19T12:29:02","slug":"erwerbsminderungsrente-bei-verweigerter-behandlungsmoeglichkeit","status":"publish","type":"post","link":"https:\/\/www.ra-grotha.de\/wordpress\/2349\/erwerbsminderungsrente-bei-verweigerter-behandlungsmoeglichkeit\/","title":{"rendered":"Erwerbsminderungsrente bei (verweigerter) Behandlungsm\u00f6glichkeit ?"},"content":{"rendered":"<p><strong><em>Erwerbsminderung wird durch Behandlungsf\u00e4higkeit und Behandlungsbed\u00fcrftigkeit nicht ausgeschlossen<\/em><\/strong><\/p>\n<p>In Verfahren wegen einer Erwerbsminderungsrente argumentiert die Rentenversicherung hin und wieder, der Versicherte habe noch nicht alle m\u00f6glichen Behandlungsm\u00f6glichkeiten hinsichtlich seiner Erkrankung wahrgenommen, so dass noch keine Erwerbsminderungsrente gew\u00e4hrt werden k\u00f6nne.<\/p>\n<p>Diese oder \u00e4hnliche Argumentationen werden teilweise sogar von Sachverst\u00e4ndigen in medizinischen Gutachten vorgebracht.<\/p>\n<p>Diese Auffassung ist jedoch falsch.<\/p>\n<p>Das Bundessozialgericht hat zuletzt am 21.10.2020 (Az. B 13 R 79\/19 B) im Rahmen einer Nichtzulassungsbeschwerde nochmals deutlich gemacht, dass die Behandlungsf\u00e4higkeit und Behandlungsbed\u00fcrftigkeit einer festgestellten Gesundheitsst\u00f6rung dem Eintritt des Versicherungsfalls der Erwerbsminderung nicht im Wege steht.<\/p>\n<p>Eine (warum auch immer) unterbliebene Behandlung \u00e4ndert nichts daran, eine bestehende Gesundheitsst\u00f6rung als Krankheit im Rechtssinne zu bewerten.<\/p>\n<p>Dies gilt nach der Feststellung des Bundessozialgerichts auch f\u00fcr Renten wegen Erwerbsminderung.<\/p>\n<p>Ob eine teilweise oder volle Erwerbsminderung gegeben ist, die beim Vorliegen der weiteren Voraussetzungen zur Gew\u00e4hrung einer gesetzlichen Erwerbsminderungsrente nach \u00a7 43 SGB VI f\u00fchren kann, muss ausschlie\u00dflich anhand der Auswirkungen der bestehenden Krankheiten auf das aktuelle Leistungsverm\u00f6gen des Versicherten beurteilt werden. Etwaig noch nicht durchgef\u00fchrte Behandlungen oder die Verweigerung von bestimmten Therapien d\u00fcrfen bei dieser Beurteilung keine Rolle spielen.<\/p>\n<p>Allenfalls bei der Frage, ob und auf welchen Zeitraum eine Befristung der zu gew\u00e4hrenden Rente festzustellen ist, sind bestehende Behandlungsm\u00f6glichkeiten relevant.<\/p>\n<p>Die genannten Grunds\u00e4tze gelten sowohl bei k\u00f6rperlichen als auch bei psychischen Erkrankungen.<\/p>\n","protected":false},"excerpt":{"rendered":"<p>Erwerbsminderung wird durch Behandlungsf\u00e4higkeit und Behandlungsbed\u00fcrftigkeit nicht ausgeschlossen In Verfahren wegen einer Erwerbsminderungsrente argumentiert die Rentenversicherung hin und wieder, der Versicherte habe noch nicht alle m\u00f6glichen Behandlungsm\u00f6glichkeiten hinsichtlich seiner Erkrankung wahrgenommen, so dass noch keine Erwerbsminderungsrente gew\u00e4hrt werden k\u00f6nne. Diese<\/p>\n","protected":false},"author":1,"featured_media":0,"comment_status":"closed","ping_status":"closed","sticky":false,"template":"","format":"standard","meta":{"footnotes":""},"categories":[38],"tags":[],"class_list":["post-2349","post","type-post","status-publish","format-standard","hentry","category-rentenrecht"],"_links":{"self":[{"href":"https:\/\/www.ra-grotha.de\/wordpress\/wp-json\/wp\/v2\/posts\/2349","targetHints":{"allow":["GET"]}}],"collection":[{"href":"https:\/\/www.ra-grotha.de\/wordpress\/wp-json\/wp\/v2\/posts"}],"about":[{"href":"https:\/\/www.ra-grotha.de\/wordpress\/wp-json\/wp\/v2\/types\/post"}],"author":[{"embeddable":true,"href":"https:\/\/www.ra-grotha.de\/wordpress\/wp-json\/wp\/v2\/users\/1"}],"replies":[{"embeddable":true,"href":"https:\/\/www.ra-grotha.de\/wordpress\/wp-json\/wp\/v2\/comments?post=2349"}],"version-history":[{"count":2,"href":"https:\/\/www.ra-grotha.de\/wordpress\/wp-json\/wp\/v2\/posts\/2349\/revisions"}],"predecessor-version":[{"id":2351,"href":"https:\/\/www.ra-grotha.de\/wordpress\/wp-json\/wp\/v2\/posts\/2349\/revisions\/2351"}],"wp:attachment":[{"href":"https:\/\/www.ra-grotha.de\/wordpress\/wp-json\/wp\/v2\/media?parent=2349"}],"wp:term":[{"taxonomy":"category","embeddable":true,"href":"https:\/\/www.ra-grotha.de\/wordpress\/wp-json\/wp\/v2\/categories?post=2349"},{"taxonomy":"post_tag","embeddable":true,"href":"https:\/\/www.ra-grotha.de\/wordpress\/wp-json\/wp\/v2\/tags?post=2349"}],"curies":[{"name":"wp","href":"https:\/\/api.w.org\/{rel}","templated":true}]}}