{"id":2331,"date":"2020-10-16T15:53:04","date_gmt":"2020-10-16T14:53:04","guid":{"rendered":"http:\/\/www.ra-grotha.de\/?p=2331"},"modified":"2020-10-16T15:53:04","modified_gmt":"2020-10-16T14:53:04","slug":"mdk-gutachten-zum-pflegegrad-haeufig-mangelhaft","status":"publish","type":"post","link":"https:\/\/www.ra-grotha.de\/wordpress\/2331\/mdk-gutachten-zum-pflegegrad-haeufig-mangelhaft\/","title":{"rendered":"MDK-Gutachten zum Pflegegrad h\u00e4ufig mangelhaft"},"content":{"rendered":"<p>Heute kam mit der elektronischen Gerichtspost noch ein Pflegegutachten herein. In dem Klageverfahren geht es um die Frage des richtigen Pflegegrades und somit um die H\u00f6he der Leistungen aus der gesetzlichen Pflegeversicherung in Form des Pflegegeldes.<\/p>\n<p>Das vom Gericht in Auftrag gegebene Gutachten ist ganz hervorragend.<\/p>\n<p>Es ist ausf\u00fchrlich und beleuchtet jeden Aspekt der Pflegebed\u00fcrftigkeit genau. Als Ergebnis steht ein deutlich h\u00f6herer Pflegebedarf, als zuvor vom Medizinischen Dienst (MDK) angenommen.<\/p>\n<p>Das passiert h\u00e4ufiger. Die MDK-Gutachten bei Antragstellung und auch in einem Widerspruchsverfahren sind h\u00e4ufig mangelhaft und zu oberfl\u00e4chlich. Derzeit werden diese &#8222;Begutachtungen&#8220; wegen der Corona-Lage sogar regelm\u00e4\u00dfig nur telefonisch durchgef\u00fchrt.<\/p>\n<p>Die Erfolgsquote in Klageverfahren wegen der Einstufung in einen Pflegegrad ist daher tats\u00e4chlich nicht ganz klein.<\/p>\n","protected":false},"excerpt":{"rendered":"<p>Heute kam mit der elektronischen Gerichtspost noch ein Pflegegutachten herein. In dem Klageverfahren geht es um die Frage des richtigen Pflegegrades und somit um die H\u00f6he der Leistungen aus der gesetzlichen Pflegeversicherung in Form des Pflegegeldes. Das vom Gericht in<\/p>\n","protected":false},"author":1,"featured_media":0,"comment_status":"closed","ping_status":"closed","sticky":false,"template":"","format":"standard","meta":{"footnotes":""},"categories":[41],"tags":[],"class_list":["post-2331","post","type-post","status-publish","format-standard","hentry","category-gesetzliche-pflegeversicherung"],"_links":{"self":[{"href":"https:\/\/www.ra-grotha.de\/wordpress\/wp-json\/wp\/v2\/posts\/2331","targetHints":{"allow":["GET"]}}],"collection":[{"href":"https:\/\/www.ra-grotha.de\/wordpress\/wp-json\/wp\/v2\/posts"}],"about":[{"href":"https:\/\/www.ra-grotha.de\/wordpress\/wp-json\/wp\/v2\/types\/post"}],"author":[{"embeddable":true,"href":"https:\/\/www.ra-grotha.de\/wordpress\/wp-json\/wp\/v2\/users\/1"}],"replies":[{"embeddable":true,"href":"https:\/\/www.ra-grotha.de\/wordpress\/wp-json\/wp\/v2\/comments?post=2331"}],"version-history":[{"count":1,"href":"https:\/\/www.ra-grotha.de\/wordpress\/wp-json\/wp\/v2\/posts\/2331\/revisions"}],"predecessor-version":[{"id":2332,"href":"https:\/\/www.ra-grotha.de\/wordpress\/wp-json\/wp\/v2\/posts\/2331\/revisions\/2332"}],"wp:attachment":[{"href":"https:\/\/www.ra-grotha.de\/wordpress\/wp-json\/wp\/v2\/media?parent=2331"}],"wp:term":[{"taxonomy":"category","embeddable":true,"href":"https:\/\/www.ra-grotha.de\/wordpress\/wp-json\/wp\/v2\/categories?post=2331"},{"taxonomy":"post_tag","embeddable":true,"href":"https:\/\/www.ra-grotha.de\/wordpress\/wp-json\/wp\/v2\/tags?post=2331"}],"curies":[{"name":"wp","href":"https:\/\/api.w.org\/{rel}","templated":true}]}}