{"id":2139,"date":"2019-12-10T14:00:44","date_gmt":"2019-12-10T13:00:44","guid":{"rendered":"http:\/\/www.ra-grotha.de\/?p=2139"},"modified":"2019-12-10T14:00:44","modified_gmt":"2019-12-10T13:00:44","slug":"klageverfahren-welcher-pflegegrad-ist-richtig","status":"publish","type":"post","link":"https:\/\/www.ra-grotha.de\/wordpress\/2139\/klageverfahren-welcher-pflegegrad-ist-richtig\/","title":{"rendered":"Klageverfahren: welcher Pflegegrad ist richtig?"},"content":{"rendered":"<p>In sozialrechtlichen Verfahren gegen die Pflegekasse ist h\u00e4ufig die Frage streitig, wie hoch der Pflegebedarf tats\u00e4chlich ist und hieraus folgend, welcher Pflegegrad festzustellen ist.<\/p>\n<p>In einem aktuellen Verfahren vor dem Sozialgericht Braunschweig geht es um die Feststellung eines h\u00f6heren Pflegegrades. Ich hatte die Klage ausf\u00fchrlich begr\u00fcndet. Hierauf \u00e4u\u00dferte die Pflegekasse schriftlich nur, es werde weiterhin an den Bescheid festgehalten. Als Reaktion hierauf fragte das Gericht bei mir an, ob und mit welcher Begr\u00fcndung die Klage aufrechterhalten bleibe.<\/p>\n<p>Merkw\u00fcrdige Frage, schlie\u00dflich war die Klage bereits inhaltlich begr\u00fcndet worden. Einfach mal bl\u00e4ttern und lesen. Dass man hierauf das Gericht noch hinweisen muss \u2026<\/p>\n<p>Das Gericht konnte sich dann dazu durchringen, ein Pflegefachgutachten durch einen Sachverst\u00e4ndigen erstellen zu lassen. Dieses Gutachten wurde mir nun durch das Sozialgericht Braunschweig zugestellt. In dem Begleitschreiben des Gerichts werde ich wiederum gefragt, ob und mit welcher Begr\u00fcndung die Klage aufrechterhalten bleibe. Ok., dachte ich, dann hat das Gutachten wohl nicht das gew\u00fcnschte Ergebnis gebracht, schade.<\/p>\n<p>Bei erster grober Durchsicht des Gutachtens stelle ich jedoch fest, dass der von uns beantragte h\u00f6here Pflegegrad vom Sachverst\u00e4ndigen bejaht wird, zumindest ab dem Tag der Begutachtung.<\/p>\n<p>Es kann manchmal ganz sch\u00f6n nerven, wenn Gerichte die Parteien dazu dr\u00e4ngen, laufende Verfahren zu beenden, einzig um den Aktenberg abzutragen. Wenn keine oder kaum Erfolgsaussicht einer Klage mehr besteht, kann ich einen solchen Hinweis nachvollziehen. In einer Situation wie der eben beschriebenen jedoch \u00fcberhaupt nicht. Hat dieser Richter \u00fcberhaupt in das Gutachten hinein gesehen, bevor es mir mit dem genannten Begleitschreiben \u00fcbermittelt hat?<\/p>\n","protected":false},"excerpt":{"rendered":"<p>In sozialrechtlichen Verfahren gegen die Pflegekasse ist h\u00e4ufig die Frage streitig, wie hoch der Pflegebedarf tats\u00e4chlich ist und hieraus folgend, welcher Pflegegrad festzustellen ist. In einem aktuellen Verfahren vor dem Sozialgericht Braunschweig geht es um die Feststellung eines h\u00f6heren Pflegegrades.<\/p>\n","protected":false},"author":1,"featured_media":0,"comment_status":"closed","ping_status":"open","sticky":false,"template":"","format":"standard","meta":{"footnotes":""},"categories":[41],"tags":[],"class_list":["post-2139","post","type-post","status-publish","format-standard","hentry","category-gesetzliche-pflegeversicherung"],"_links":{"self":[{"href":"https:\/\/www.ra-grotha.de\/wordpress\/wp-json\/wp\/v2\/posts\/2139","targetHints":{"allow":["GET"]}}],"collection":[{"href":"https:\/\/www.ra-grotha.de\/wordpress\/wp-json\/wp\/v2\/posts"}],"about":[{"href":"https:\/\/www.ra-grotha.de\/wordpress\/wp-json\/wp\/v2\/types\/post"}],"author":[{"embeddable":true,"href":"https:\/\/www.ra-grotha.de\/wordpress\/wp-json\/wp\/v2\/users\/1"}],"replies":[{"embeddable":true,"href":"https:\/\/www.ra-grotha.de\/wordpress\/wp-json\/wp\/v2\/comments?post=2139"}],"version-history":[{"count":1,"href":"https:\/\/www.ra-grotha.de\/wordpress\/wp-json\/wp\/v2\/posts\/2139\/revisions"}],"predecessor-version":[{"id":2140,"href":"https:\/\/www.ra-grotha.de\/wordpress\/wp-json\/wp\/v2\/posts\/2139\/revisions\/2140"}],"wp:attachment":[{"href":"https:\/\/www.ra-grotha.de\/wordpress\/wp-json\/wp\/v2\/media?parent=2139"}],"wp:term":[{"taxonomy":"category","embeddable":true,"href":"https:\/\/www.ra-grotha.de\/wordpress\/wp-json\/wp\/v2\/categories?post=2139"},{"taxonomy":"post_tag","embeddable":true,"href":"https:\/\/www.ra-grotha.de\/wordpress\/wp-json\/wp\/v2\/tags?post=2139"}],"curies":[{"name":"wp","href":"https:\/\/api.w.org\/{rel}","templated":true}]}}