{"id":2033,"date":"2019-02-01T17:42:43","date_gmt":"2019-02-01T16:42:43","guid":{"rendered":"http:\/\/www.ra-grotha.de\/?p=2033"},"modified":"2019-02-01T17:42:43","modified_gmt":"2019-02-01T16:42:43","slug":"wichtige-entscheidungen-des-bundessozialgerichts-zu-den-mietkosten-bei-hartz-iv","status":"publish","type":"post","link":"https:\/\/www.ra-grotha.de\/wordpress\/2033\/wichtige-entscheidungen-des-bundessozialgerichts-zu-den-mietkosten-bei-hartz-iv\/","title":{"rendered":"Wichtige Entscheidungen des Bundessozialgerichts zu den Mietkosten bei Hartz IV"},"content":{"rendered":"<p>Achtung: wichtige Entscheidungen des Bundessozialgerichts !<\/p>\n<p>Das Bundessozialgericht hat am vergangenen Dienstag, den 29.01.2019, wichtige Urteile zu den vom Jobcenter zu bewilligenden Kosten der Unterkunft und Heizung gesprochen und dabei einige Grunds\u00e4tze aufgestellt bzw. konkretisiert.<\/p>\n<p>Die Einzelheiten darzustellen, sprengt den Rahmen hier v\u00f6llig. Aber ein wichtiger Hinweis f\u00fcr unsere Region ergibt sich:<\/p>\n<p>Es spricht nun noch mehr daf\u00fcr, dass die Mietobergrenzen der Jobcenter des Landkreises Kassel, des Schwalm-Eder-Kreises und des Werra-Mei\u00dfner-Kreises unzul\u00e4ssig sind und hier h\u00f6here Anspr\u00fcche der Leistungsberechtigten bestehen k\u00f6nnen !<\/p>\n<p>Hierzu laufen bereits zahlreiche Verfahren. Das Sozialgericht Kassel hat die Obergrenzen des Schwalm-Eder-Kreises als rechtswidrig bewertet, die Berufungsverfahren laufen. \u00c4hnliches d\u00fcrfte f\u00fcr den Landkreis Kassel gelten, auch wenn hier die ersten Urteile noch ausstehen. Zum Werra-Mei\u00dfner-Kreis hat sogar das Landessozialgericht bereits k\u00fcrzlich zu Gunsten der Leistungsberechtigten entschieden.<\/p>\n<p>Also: wer von den oben genannten Jobcentern Leistungen bezieht und dabei NICHT seine volle Miete erh\u00e4lt, sollte dringend seine Bescheide \u00fcberpr\u00fcfen lassen, um seine Rechte zu wahren.<\/p>\n<p>Wer N\u00e4heres zu den Urteilen des BSG erfahren m\u00f6chte&#8230; <a href=\"https:\/\/www.n-tv.de\/ratgeber\/BSG-kippt-Mietobergrenzen-vieler-Jobcenter-article20837301.html\" target=\"_blank\" rel=\"noopener\">klickt hier<\/a>.<\/p>\n<p>&nbsp;<\/p>\n","protected":false},"excerpt":{"rendered":"<p>Achtung: wichtige Entscheidungen des Bundessozialgerichts ! Das Bundessozialgericht hat am vergangenen Dienstag, den 29.01.2019, wichtige Urteile zu den vom Jobcenter zu bewilligenden Kosten der Unterkunft und Heizung gesprochen und dabei einige Grunds\u00e4tze aufgestellt bzw. konkretisiert. Die Einzelheiten darzustellen, sprengt den<\/p>\n","protected":false},"author":1,"featured_media":0,"comment_status":"closed","ping_status":"open","sticky":false,"template":"","format":"standard","meta":{"footnotes":""},"categories":[35],"tags":[],"class_list":["post-2033","post","type-post","status-publish","format-standard","hentry","category-buergergeld"],"_links":{"self":[{"href":"https:\/\/www.ra-grotha.de\/wordpress\/wp-json\/wp\/v2\/posts\/2033","targetHints":{"allow":["GET"]}}],"collection":[{"href":"https:\/\/www.ra-grotha.de\/wordpress\/wp-json\/wp\/v2\/posts"}],"about":[{"href":"https:\/\/www.ra-grotha.de\/wordpress\/wp-json\/wp\/v2\/types\/post"}],"author":[{"embeddable":true,"href":"https:\/\/www.ra-grotha.de\/wordpress\/wp-json\/wp\/v2\/users\/1"}],"replies":[{"embeddable":true,"href":"https:\/\/www.ra-grotha.de\/wordpress\/wp-json\/wp\/v2\/comments?post=2033"}],"version-history":[{"count":1,"href":"https:\/\/www.ra-grotha.de\/wordpress\/wp-json\/wp\/v2\/posts\/2033\/revisions"}],"predecessor-version":[{"id":2034,"href":"https:\/\/www.ra-grotha.de\/wordpress\/wp-json\/wp\/v2\/posts\/2033\/revisions\/2034"}],"wp:attachment":[{"href":"https:\/\/www.ra-grotha.de\/wordpress\/wp-json\/wp\/v2\/media?parent=2033"}],"wp:term":[{"taxonomy":"category","embeddable":true,"href":"https:\/\/www.ra-grotha.de\/wordpress\/wp-json\/wp\/v2\/categories?post=2033"},{"taxonomy":"post_tag","embeddable":true,"href":"https:\/\/www.ra-grotha.de\/wordpress\/wp-json\/wp\/v2\/tags?post=2033"}],"curies":[{"name":"wp","href":"https:\/\/api.w.org\/{rel}","templated":true}]}}