{"id":2022,"date":"2019-01-12T17:21:32","date_gmt":"2019-01-12T16:21:32","guid":{"rendered":"http:\/\/www.ra-grotha.de\/?p=2022"},"modified":"2019-01-12T17:21:32","modified_gmt":"2019-01-12T16:21:32","slug":"hartz-iv-sanktionen-unzulaessig","status":"publish","type":"post","link":"https:\/\/www.ra-grotha.de\/wordpress\/2022\/hartz-iv-sanktionen-unzulaessig\/","title":{"rendered":"Hartz IV Sanktionen unzul\u00e4ssig ?"},"content":{"rendered":"<p>Am kommenden Dienstag, 15.01.2019, wird es spannend. Das Bundesverfassungsgericht f\u00fchrt eine m\u00fcndliche Verhandlung zu dem Thema durch, ob die K\u00fcrzungen von Hartz IV-Leistungen (Sanktionen) gegen das Grundgesetz versto\u00dfen.<\/p>\n<p>Ausgangspunkt war ein Verfahren gegen einen Sanktionsbescheid vor dem Sozialgericht Gotha. Das Gericht kam dort zu dem Ergebnis, dass eine K\u00fcrzung der Grundsicherungsleistungen (im dortigen Fall um 30% bzw. 60%) unzul\u00e4ssig se<span class=\"text_exposed_show\">i, da ansonsten das Grundrecht auf ein menschenw\u00fcrdiges Existenzminimum nicht mehr gesichert sei.<\/span><\/p>\n<div class=\"text_exposed_show\">\n<p>Ich bin sehr gespannt, was am Dienstag passiert, wobei ein abschlie\u00dfendes Urteil eher unwahrscheinlich sein d\u00fcrfte.<\/p>\n<p>Anbei ein interessantes Interview mit dem zust\u00e4ndigen Richter des Sozialgerichts Gotha, der das ganze Verfahren mit seinem Beschluss eingeleitet hatte.<\/p>\n<\/div>\n<p><a href=\"https:\/\/www.focus.de\/finanzen\/recht\/bundesverfassungsgericht-muss-entscheiden-richter-jens-petermann-den-hartz-iv-grundbedarf-darf-der-staat-nicht-kuerzen_id_10173816.html\" target=\"_blank\" rel=\"noopener\">Link zu Focus Online<\/a><\/p>\n","protected":false},"excerpt":{"rendered":"<p>Am kommenden Dienstag, 15.01.2019, wird es spannend. Das Bundesverfassungsgericht f\u00fchrt eine m\u00fcndliche Verhandlung zu dem Thema durch, ob die K\u00fcrzungen von Hartz IV-Leistungen (Sanktionen) gegen das Grundgesetz versto\u00dfen. Ausgangspunkt war ein Verfahren gegen einen Sanktionsbescheid vor dem Sozialgericht Gotha. Das<\/p>\n","protected":false},"author":1,"featured_media":0,"comment_status":"closed","ping_status":"open","sticky":false,"template":"","format":"standard","meta":{"footnotes":""},"categories":[1],"tags":[],"class_list":["post-2022","post","type-post","status-publish","format-standard","hentry","category-allgemein"],"_links":{"self":[{"href":"https:\/\/www.ra-grotha.de\/wordpress\/wp-json\/wp\/v2\/posts\/2022","targetHints":{"allow":["GET"]}}],"collection":[{"href":"https:\/\/www.ra-grotha.de\/wordpress\/wp-json\/wp\/v2\/posts"}],"about":[{"href":"https:\/\/www.ra-grotha.de\/wordpress\/wp-json\/wp\/v2\/types\/post"}],"author":[{"embeddable":true,"href":"https:\/\/www.ra-grotha.de\/wordpress\/wp-json\/wp\/v2\/users\/1"}],"replies":[{"embeddable":true,"href":"https:\/\/www.ra-grotha.de\/wordpress\/wp-json\/wp\/v2\/comments?post=2022"}],"version-history":[{"count":1,"href":"https:\/\/www.ra-grotha.de\/wordpress\/wp-json\/wp\/v2\/posts\/2022\/revisions"}],"predecessor-version":[{"id":2023,"href":"https:\/\/www.ra-grotha.de\/wordpress\/wp-json\/wp\/v2\/posts\/2022\/revisions\/2023"}],"wp:attachment":[{"href":"https:\/\/www.ra-grotha.de\/wordpress\/wp-json\/wp\/v2\/media?parent=2022"}],"wp:term":[{"taxonomy":"category","embeddable":true,"href":"https:\/\/www.ra-grotha.de\/wordpress\/wp-json\/wp\/v2\/categories?post=2022"},{"taxonomy":"post_tag","embeddable":true,"href":"https:\/\/www.ra-grotha.de\/wordpress\/wp-json\/wp\/v2\/tags?post=2022"}],"curies":[{"name":"wp","href":"https:\/\/api.w.org\/{rel}","templated":true}]}}