{"id":1760,"date":"2018-03-08T17:19:06","date_gmt":"2018-03-08T16:19:06","guid":{"rendered":"http:\/\/www.ra-grotha.de\/?p=1760"},"modified":"2018-08-04T13:43:37","modified_gmt":"2018-08-04T12:43:37","slug":"reicht-hartz-iv-zum-leben","status":"publish","type":"post","link":"https:\/\/www.ra-grotha.de\/wordpress\/1760\/reicht-hartz-iv-zum-leben\/","title":{"rendered":"Reicht Hartz IV zum Leben ?"},"content":{"rendered":"<p>Viele F\u00e4lle in meiner Anwaltspraxis drehen sich rund um das Thema Hartz IV. Es geht dabei immer um existenzielle Fragen.<\/p>\n<p>Hartz IV-Leistungen sollen das Existenzminimum abdecken, also die physische Existenz sichern und auch die Teilhabe an der Gesellschaft erm\u00f6glichen.<\/p>\n<p>Gezahlt werden f\u00fcr einen alleinstehenden Erwachsenen derzeit 416,00 \u20ac monatlich (zuz\u00fcglich Miete und Heizung bis zu einer bestimmten H\u00f6he), f\u00fcr jeden in einer Partnerschaft lebenden Erwachsenen nur 374,00 \u20ac und<span class=\"text_exposed_show\">\u00a0f\u00fcr Kinder noch weniger (je nach Alter).<\/span><\/p>\n<div class=\"text_exposed_show\">\n<p>Ist dies ausreichend, um s\u00e4mtliche Ausgaben zu bestreiten und sogar noch Ansparungen f\u00fcr Anschaffungen vorzunehmen, wie es sich der Gesetzgeber vorstellt? Und wie hat der Gesetzgeber diese Betr\u00e4ge \u00fcberhaupt berechnet?<\/p>\n<p>Hierzu ist heute ein interessanter und ausf\u00fchrlicher Artikel auf Spiegel-Online erschienen.<\/p>\n<p><a href=\"http:\/\/www.spiegel.de\/wirtschaft\/soziales\/tafel-streit-wieso-hartz-iv-tatsaechlich-zu-wenig-zum-leben-ist-a-1197012.html\" target=\"_blank\" rel=\"nofollow noopener noreferrer\" data-ft=\"{&quot;tn&quot;:&quot;-U&quot;}\" data-lynx-mode=\"asynclazy\" data-lynx-uri=\"https:\/\/l.facebook.com\/l.php?u=http%3A%2F%2Fwww.spiegel.de%2Fwirtschaft%2Fsoziales%2Ftafel-streit-wieso-hartz-iv-tatsaechlich-zu-wenig-zum-leben-ist-a-1197012.html&amp;h=ATNCTMEkS63x38KLKAApHqfxIUxh9TaTtygqIJDO8oc2Wfog7IuKRLb-BZacawYZA-VXeh87bHYTmNUly6S8FPPIPfyHNgib5_SjXHkPegpdHh5wJdmVrub4vuFdhxOS0S7vuUlO\">http:\/\/www.spiegel.de\/\u2026\/tafel-streit-wieso-hartz-iv-tatsaec\u2026<\/a><\/p>\n<\/div>\n","protected":false},"excerpt":{"rendered":"<p>Viele F\u00e4lle in meiner Anwaltspraxis drehen sich rund um das Thema Hartz IV. Es geht dabei immer um existenzielle Fragen. Hartz IV-Leistungen sollen das Existenzminimum abdecken, also die physische Existenz sichern und auch die Teilhabe an der Gesellschaft erm\u00f6glichen. Gezahlt<\/p>\n","protected":false},"author":1,"featured_media":0,"comment_status":"closed","ping_status":"open","sticky":false,"template":"","format":"standard","meta":{"footnotes":""},"categories":[35],"tags":[],"class_list":["post-1760","post","type-post","status-publish","format-standard","hentry","category-buergergeld"],"_links":{"self":[{"href":"https:\/\/www.ra-grotha.de\/wordpress\/wp-json\/wp\/v2\/posts\/1760","targetHints":{"allow":["GET"]}}],"collection":[{"href":"https:\/\/www.ra-grotha.de\/wordpress\/wp-json\/wp\/v2\/posts"}],"about":[{"href":"https:\/\/www.ra-grotha.de\/wordpress\/wp-json\/wp\/v2\/types\/post"}],"author":[{"embeddable":true,"href":"https:\/\/www.ra-grotha.de\/wordpress\/wp-json\/wp\/v2\/users\/1"}],"replies":[{"embeddable":true,"href":"https:\/\/www.ra-grotha.de\/wordpress\/wp-json\/wp\/v2\/comments?post=1760"}],"version-history":[{"count":1,"href":"https:\/\/www.ra-grotha.de\/wordpress\/wp-json\/wp\/v2\/posts\/1760\/revisions"}],"predecessor-version":[{"id":1761,"href":"https:\/\/www.ra-grotha.de\/wordpress\/wp-json\/wp\/v2\/posts\/1760\/revisions\/1761"}],"wp:attachment":[{"href":"https:\/\/www.ra-grotha.de\/wordpress\/wp-json\/wp\/v2\/media?parent=1760"}],"wp:term":[{"taxonomy":"category","embeddable":true,"href":"https:\/\/www.ra-grotha.de\/wordpress\/wp-json\/wp\/v2\/categories?post=1760"},{"taxonomy":"post_tag","embeddable":true,"href":"https:\/\/www.ra-grotha.de\/wordpress\/wp-json\/wp\/v2\/tags?post=1760"}],"curies":[{"name":"wp","href":"https:\/\/api.w.org\/{rel}","templated":true}]}}